{"id":310268,"date":"2024-10-19T13:01:02","date_gmt":"2024-10-19T10:01:02","guid":{"rendered":"https:\/\/sana.sy\/tr\/?p=310268"},"modified":"2024-10-19T13:01:02","modified_gmt":"2024-10-19T10:01:02","slug":"israilin-lubnanin-cesitli-bolgelerine-yonelik-saldirganligi-sonucu-3-sehit-cok-sayida-yarali","status":"publish","type":"post","link":"https:\/\/archive.sana.sy\/tr\/?p=310268","title":{"rendered":"\u0130srail&#8217;in L\u00fcbnan&#8217;\u0131n \u00c7e\u015fitli B\u00f6lgelerine Y\u00f6nelik Sald\u0131rganl\u0131\u011f\u0131 Sonucu 3 \u015eehit, \u00c7ok Say\u0131da Yaral\u0131"},"content":{"rendered":"<p style=\"text-align: justify;\"><strong>BEYRUT (SANA)<\/strong> &#8211; \u0130srail&#8217;in Beyrut&#8217;un kuzeyinde ve \u015etura&#8217;da bir araba ve binaya y\u00f6nelik hava sald\u0131rganl\u0131klar\u0131n\u0131n yan\u0131 s\u0131ra L\u00fcbnan&#8217;\u0131n \u00e7e\u015fitli b\u00f6lgelerini etkileyen di\u011fer sald\u0131rganl\u0131klar sonucunda bu sabah 3 L\u00fcbnan vatanda\u015f\u0131 \u015fehit oldu, \u00e7ok say\u0131da ki\u015fi de yaraland\u0131.<\/p>\n<p style=\"text-align: justify;\">L\u00fcbnan bek\u00e7i h\u00fck\u00fcmetine ba\u011fl\u0131 Halk Sa\u011fl\u0131\u011f\u0131 Bakanl\u0131\u011f\u0131 Acil Durum Operasyon Merkezi, L\u00fcbnan&#8217;\u0131n ba\u015fkenti Beyrut&#8217;un kuzeyindeki Jounieh&#8217;de d\u00fc\u015fman \u0130srail&#8217;in bir araca d\u00fczenledi\u011fi bask\u0131nda iki ki\u015finin \u015fehit oldu\u011funu duyurdu.<\/p>\n<p style=\"text-align: justify;\">L\u00fcbnan Ulusal Haber Ajans\u0131, \u0130srail&#8217;e ait bir d\u00fc\u015fman insans\u0131z hava arac\u0131n\u0131n bug\u00fcn sabah saat 5&#8217;te \u00fclkenin do\u011fusundaki \u015etura&#8217;daki Kataya binas\u0131ndaki bir apartman dairesine f\u00fcze f\u0131rlatmas\u0131 sonucu bir vatanda\u015f\u0131n \u015fehit oldu\u011funu, iki ki\u015finin de yaraland\u0131\u011f\u0131n\u0131 bildirdi.<\/p>\n<p style=\"text-align: justify;\">\u0130srail d\u00fc\u015fman u\u00e7aklar\u0131n\u0131n Cel El Bahr Sur&#8217;da Sahili K\u00fclliyesi&#8217;ndeki Me\u015frik T\u0131p Merkezi yak\u0131n\u0131ndaki bir binaya d\u00fczenledi\u011fi sald\u0131r\u0131 sonucu 5 ki\u015fi de yaraland\u0131. L\u00fcbnan K\u0131z\u0131lha\u00e7 ve Sivil Savunma ekipleri, biri a\u011f\u0131r olmak \u00fczere 5 yaral\u0131y\u0131 kurtararak hastanelere nakletti.<\/p>\n<p style=\"text-align: justify;\">\u0130srail&#8217;in d\u00fc\u015fman sava\u015f u\u00e7aklar\u0131 Harayib kasabas\u0131na d\u00fczenledi\u011fi sald\u0131r\u0131da ayr\u0131ca 3 L\u00fcbnanl\u0131 a\u011f\u0131r yaraland\u0131.<\/p>\n<p style=\"text-align: justify;\">\u0130srail&#8217;in hava ve top\u00e7u sald\u0131r\u0131lar\u0131 d\u00fcn gece yar\u0131s\u0131ndan bu sabaha kadar, Tire civar\u0131 ve il\u00e7eye ba\u011fl\u0131 k\u00f6yler de dahil olmak \u00fczere L\u00fcbnan&#8217;\u0131n \u00e7e\u015fitli kasaba, b\u00f6lge, k\u00f6y ve mahallelerine y\u00f6nelik devam etti.<\/p>\n<p style=\"text-align: justify;\">Ayn\u0131 azmanda, Hermel \u015fehrinin kuzeydo\u011fu s\u0131n\u0131r\u0131ndaki Kafra, Mecdel Zun, El Hiyam, Kefir Kila, Hanin, Bint Cubeyil \u0130l\u00e7esi, Aba, El H\u0131d\u0131r ve E\u015f Mi\u015firfa kasabalar\u0131 art arda bask\u0131nlara maruz kald\u0131.<\/p>\n<p style=\"text-align: justify;\">Sabah saatlerinde de \u0130srail d\u00fc\u015fman top\u00e7u bombard\u0131man\u0131 Mercuyun Ovas\u0131&#8217;n\u0131, Hiam kasabas\u0131n\u0131 ve Chalihat b\u00f6lgesini hedef ald\u0131.<\/p>\n<p style=\"text-align: center;\"><strong><a href=\"https:\/\/t.me\/SuriyeArapHaberAjansI\">Telegram Kanal\u0131m\u0131z\u00a0<\/a>||<a href=\"https:\/\/twitter.com\/arap_ajans\">X Platformumuz\u00a0<\/a>||<a href=\"https:\/\/www.facebook.com\/SANAHaberAjansi\/\">Facebook Sayfam\u0131z<\/a><\/strong><\/p>\n","protected":false},"excerpt":{"rendered":"<p>BEYRUT (SANA) &#8211; \u0130srail&#8217;in Beyrut&#8217;un kuzeyinde ve \u015etura&#8217;da bir araba ve binaya y\u00f6nelik hava sald\u0131rganl\u0131klar\u0131n\u0131n yan\u0131 s\u0131ra L\u00fcbnan&#8217;\u0131n \u00e7e\u015fitli b\u00f6lgelerini etkileyen di\u011fer sald\u0131rganl\u0131klar sonucunda bu sabah 3 L\u00fcbnan vatanda\u015f\u0131 \u015fehit oldu, \u00e7ok say\u0131da ki\u015fi de yaraland\u0131. L\u00fcbnan bek\u00e7i h\u00fck\u00fcmetine ba\u011fl\u0131 Halk Sa\u011fl\u0131\u011f\u0131 Bakanl\u0131\u011f\u0131 Acil Durum Operasyon Merkezi, L\u00fcbnan&#8217;\u0131n ba\u015fkenti Beyrut&#8217;un kuzeyindeki Jounieh&#8217;de d\u00fc\u015fman \u0130srail&#8217;in bir &hellip;<\/p>\n","protected":false},"author":41,"featured_media":310269,"comment_status":"closed","ping_status":"closed","sticky":false,"template":"","format":"standard","meta":{"footnotes":""},"categories":[458,589,459,17988],"tags":[27512,42693],"class_list":["post-310268","post","type-post","status-publish","format-standard","has-post-thumbnail","","category-dunya1","category-haber-seridi","category-haberler-arap-uluslararasi-politika","category-son-haberler","tag-cok-sayida-yarali","tag-israilin-lubnanin-cesitli-bolgelerine-yonelik-saldirganligi-sonucu-3-sehit"],"_links":{"self":[{"href":"https:\/\/archive.sana.sy\/tr\/index.php?rest_route=\/wp\/v2\/posts\/310268","targetHints":{"allow":["GET"]}}],"collection":[{"href":"https:\/\/archive.sana.sy\/tr\/index.php?rest_route=\/wp\/v2\/posts"}],"about":[{"href":"https:\/\/archive.sana.sy\/tr\/index.php?rest_route=\/wp\/v2\/types\/post"}],"author":[{"embeddable":true,"href":"https:\/\/archive.sana.sy\/tr\/index.php?rest_route=\/wp\/v2\/users\/41"}],"replies":[{"embeddable":true,"href":"https:\/\/archive.sana.sy\/tr\/index.php?rest_route=%2Fwp%2Fv2%2Fcomments&post=310268"}],"version-history":[{"count":1,"href":"https:\/\/archive.sana.sy\/tr\/index.php?rest_route=\/wp\/v2\/posts\/310268\/revisions"}],"predecessor-version":[{"id":310270,"href":"https:\/\/archive.sana.sy\/tr\/index.php?rest_route=\/wp\/v2\/posts\/310268\/revisions\/310270"}],"wp:featuredmedia":[{"embeddable":true,"href":"https:\/\/archive.sana.sy\/tr\/index.php?rest_route=\/wp\/v2\/media\/310269"}],"wp:attachment":[{"href":"https:\/\/archive.sana.sy\/tr\/index.php?rest_route=%2Fwp%2Fv2%2Fmedia&parent=310268"}],"wp:term":[{"taxonomy":"category","embeddable":true,"href":"https:\/\/archive.sana.sy\/tr\/index.php?rest_route=%2Fwp%2Fv2%2Fcategories&post=310268"},{"taxonomy":"post_tag","embeddable":true,"href":"https:\/\/archive.sana.sy\/tr\/index.php?rest_route=%2Fwp%2Fv2%2Ftags&post=310268"}],"curies":[{"name":"wp","href":"https:\/\/api.w.org\/{rel}","templated":true}]}}