{"id":310271,"date":"2024-10-19T13:38:09","date_gmt":"2024-10-19T10:38:09","guid":{"rendered":"https:\/\/sana.sy\/tr\/?p=310271"},"modified":"2024-10-19T13:38:09","modified_gmt":"2024-10-19T10:38:09","slug":"cebeliye-han-yunus-ve-rafaha-duzenlenen-isgal-saldirilarinda-13-sehit-cok-sayida-yarali","status":"publish","type":"post","link":"https:\/\/archive.sana.sy\/tr\/?p=310271","title":{"rendered":"Cebeliye, Han Yunus Ve Rafah&#8217;a D\u00fczenlenen \u0130\u015fgal Sald\u0131r\u0131lar\u0131nda 13 \u015eehit, \u00c7ok Say\u0131da Yaral\u0131"},"content":{"rendered":"<p style=\"text-align: justify;\"><strong>\u0130\u015eGAL ED\u0130L\u0130N KUD\u00dcS (SANA)<\/strong> &#8211; \u0130\u015fgalci \u0130srail&#8217;in Gazze \u015eeridi&#8217;nin kuzey ve g\u00fcneyindeki Cebeliye, Han Yunus ve Rafah&#8217;\u0131 bu sabah bombalamas\u0131nda aralar\u0131nda \u00e7ocuk ve kad\u0131nlar\u0131n da bulundu\u011fu 13 Filistinli \u015fehit oldu, \u00e7ok say\u0131da ki\u015fi de yaraland\u0131.<\/p>\n<p style=\"text-align: justify;\">WAFA Ajans\u0131, Gazze \u015eeridi&#8217;nin kuzeyindeki Cebeliye kamp\u0131ndaki El Alami mahallesindeki bir evin i\u015fgalci taraf\u0131ndan bombalanmas\u0131 sonucu 5 Filistinlinin \u015fehit oldu\u011funu, \u00e7ok say\u0131da ki\u015finin de \u00e7e\u015fitli yaralanmalarla yaraland\u0131\u011f\u0131n\u0131 bildirdi.<\/p>\n<p style=\"text-align: justify;\">Kemal Edvan Hastanesi bah\u00e7esine d\u00fczenlenen i\u015fgal sald\u0131r\u0131s\u0131nda 2 \u015fehit d\u00fc\u015ferken, \u00e7ok say\u0131da ki\u015fi de yaraland\u0131.<\/p>\n<p style=\"text-align: justify;\">Bu ba\u011flamda ayr\u0131ca, g\u00fcneydeki Han Yunus \u015fehrinin do\u011fusundaki i\u015fgal bombard\u0131man\u0131nda 4 Filistinli, Rafah \u015fehir merkezindeki \u015eabura kamp\u0131na d\u00fczenlenen i\u015fgal \u0130HA&#8217;s\u0131n\u0131n bombalanmas\u0131nda ise 2 Filistinli \u015fehit oldu.<\/p>\n<p style=\"text-align: center;\"><strong><a href=\"https:\/\/t.me\/SuriyeArapHaberAjansI\">Telegram Kanal\u0131m\u0131z\u00a0<\/a>||<a href=\"https:\/\/twitter.com\/arap_ajans\">X Platformumuz\u00a0<\/a>||<a href=\"https:\/\/www.facebook.com\/SANAHaberAjansi\/\">Facebook Sayfam\u0131z<\/a><\/strong><\/p>\n<p>&nbsp;<\/p>\n","protected":false},"excerpt":{"rendered":"<p>\u0130\u015eGAL ED\u0130L\u0130N KUD\u00dcS (SANA) &#8211; \u0130\u015fgalci \u0130srail&#8217;in Gazze \u015eeridi&#8217;nin kuzey ve g\u00fcneyindeki Cebeliye, Han Yunus ve Rafah&#8217;\u0131 bu sabah bombalamas\u0131nda aralar\u0131nda \u00e7ocuk ve kad\u0131nlar\u0131n da bulundu\u011fu 13 Filistinli \u015fehit oldu, \u00e7ok say\u0131da ki\u015fi de yaraland\u0131. WAFA Ajans\u0131, Gazze \u015eeridi&#8217;nin kuzeyindeki Cebeliye kamp\u0131ndaki El Alami mahallesindeki bir evin i\u015fgalci taraf\u0131ndan bombalanmas\u0131 sonucu 5 Filistinlinin \u015fehit oldu\u011funu, &hellip;<\/p>\n","protected":false},"author":41,"featured_media":310273,"comment_status":"closed","ping_status":"closed","sticky":false,"template":"","format":"standard","meta":{"footnotes":""},"categories":[458,589,459,17988],"tags":[42694,27512,42695],"class_list":["post-310271","post","type-post","status-publish","format-standard","has-post-thumbnail","","category-dunya1","category-haber-seridi","category-haberler-arap-uluslararasi-politika","category-son-haberler","tag-cebeliye","tag-cok-sayida-yarali","tag-han-yunus-ve-rafaha-duzenlenen-isgal-saldirilarinda-13-sehit"],"_links":{"self":[{"href":"https:\/\/archive.sana.sy\/tr\/index.php?rest_route=\/wp\/v2\/posts\/310271","targetHints":{"allow":["GET"]}}],"collection":[{"href":"https:\/\/archive.sana.sy\/tr\/index.php?rest_route=\/wp\/v2\/posts"}],"about":[{"href":"https:\/\/archive.sana.sy\/tr\/index.php?rest_route=\/wp\/v2\/types\/post"}],"author":[{"embeddable":true,"href":"https:\/\/archive.sana.sy\/tr\/index.php?rest_route=\/wp\/v2\/users\/41"}],"replies":[{"embeddable":true,"href":"https:\/\/archive.sana.sy\/tr\/index.php?rest_route=%2Fwp%2Fv2%2Fcomments&post=310271"}],"version-history":[{"count":1,"href":"https:\/\/archive.sana.sy\/tr\/index.php?rest_route=\/wp\/v2\/posts\/310271\/revisions"}],"predecessor-version":[{"id":310274,"href":"https:\/\/archive.sana.sy\/tr\/index.php?rest_route=\/wp\/v2\/posts\/310271\/revisions\/310274"}],"wp:featuredmedia":[{"embeddable":true,"href":"https:\/\/archive.sana.sy\/tr\/index.php?rest_route=\/wp\/v2\/media\/310273"}],"wp:attachment":[{"href":"https:\/\/archive.sana.sy\/tr\/index.php?rest_route=%2Fwp%2Fv2%2Fmedia&parent=310271"}],"wp:term":[{"taxonomy":"category","embeddable":true,"href":"https:\/\/archive.sana.sy\/tr\/index.php?rest_route=%2Fwp%2Fv2%2Fcategories&post=310271"},{"taxonomy":"post_tag","embeddable":true,"href":"https:\/\/archive.sana.sy\/tr\/index.php?rest_route=%2Fwp%2Fv2%2Ftags&post=310271"}],"curies":[{"name":"wp","href":"https:\/\/api.w.org\/{rel}","templated":true}]}}