{"id":310276,"date":"2024-10-19T14:08:16","date_gmt":"2024-10-19T11:08:16","guid":{"rendered":"https:\/\/sana.sy\/tr\/?p=310276"},"modified":"2024-10-21T17:44:07","modified_gmt":"2024-10-21T14:44:07","slug":"cumhurbaskani-esadin-onunde-deyrezzor-dera-lazkiye-hama-ve-kuneytiranin-yeni-valileri-yemin-ettiler","status":"publish","type":"post","link":"https:\/\/archive.sana.sy\/tr\/?p=310276","title":{"rendered":"Cumhurba\u015fkan\u0131 Esad&#8217;\u0131n \u00d6n\u00fcnde &#8230; Deyrezzor, Dera, Lazkiye, Hama Ve Kuneytira&#8217;n\u0131n Yeni Valileri Yemin Ettiler"},"content":{"rendered":"<p style=\"text-align: justify;\"><strong>\u015eAM (SANA) &#8211;<\/strong> Yeni valiler bug\u00fcn Cumhurba\u015fkan\u0131 Be\u015f\u015far Esad \u00f6n\u00fcnde yasal yemin ettiler. Ard\u0131ndan Say\u0131n Cumhurba\u015fkan\u0131 Esad valilerle bir araya gelerek talimatlar\u0131n\u0131 aktard\u0131 ve vatana ve vatanda\u015fa hizmette yeni g\u00f6revlerinde ba\u015far\u0131lar diledi.<\/p>\n<p style=\"text-align: justify;\">Cumhurba\u015fkan\u0131 Esad, a\u015fa\u011f\u0131da belirtildi\u011fi \u00fczere Deyrezzor, Dera, Lazkiye, Hama ve Kuneytira vilayetlerine yeni valiler atayan kararnameler yay\u0131nlam\u0131\u015ft\u0131:<\/p>\n<ul>\n<li style=\"text-align: justify;\">Manhal Nader Hanavi, Deyrezzor Valili\u011fi&#8217;nin Valisi olarak.<\/li>\n<li style=\"text-align: justify;\">M\u00fchendis Asaad Yazid El Tukan, Dara Valili\u011fi&#8217;nin Valisi olarak.<\/li>\n<li style=\"text-align: justify;\">Dr. Halid Velid Abaza, Lazkiye Valili\u011fi&#8217;nin Valisi olarak.<\/li>\n<li style=\"text-align: justify;\">M\u00fchendis Kemal Abdulrahman Barmo, Hama Valili\u011fi&#8217;nin Valisi olarak.<\/li>\n<li style=\"text-align: justify;\">Dr. Tony Aziz Hanna, Kuneytira Valili\u011fi&#8217;nin Valisi olarak.<\/li>\n<\/ul>\n<div id='gallery-1' class='gallery galleryid-310276 gallery-columns-1 gallery-size-full'><figure class='gallery-item'>\n\t\t\t<div class='gallery-icon landscape'>\n\t\t\t\t<a href='https:\/\/archive.sana.sy\/tr\/?attachment_id=310292'><img loading=\"lazy\" decoding=\"async\" width=\"660\" height=\"389\" src=\"https:\/\/archive.sana.sy\/tr\/wp-content\/uploads\/2024\/10\/1-12.jpg\" class=\"attachment-full size-full\" alt=\"\" srcset=\"https:\/\/archive.sana.sy\/tr\/wp-content\/uploads\/2024\/10\/1-12.jpg 660w, https:\/\/archive.sana.sy\/tr\/wp-content\/uploads\/2024\/10\/1-12-300x177.jpg 300w\" sizes=\"auto, (max-width: 660px) 100vw, 660px\" \/><\/a>\n\t\t\t<\/div><\/figure><figure class='gallery-item'>\n\t\t\t<div class='gallery-icon landscape'>\n\t\t\t\t<a href='https:\/\/archive.sana.sy\/tr\/?attachment_id=310291'><img loading=\"lazy\" decoding=\"async\" width=\"660\" height=\"368\" src=\"https:\/\/archive.sana.sy\/tr\/wp-content\/uploads\/2024\/10\/2-9.jpg\" class=\"attachment-full size-full\" alt=\"\" srcset=\"https:\/\/archive.sana.sy\/tr\/wp-content\/uploads\/2024\/10\/2-9.jpg 660w, https:\/\/archive.sana.sy\/tr\/wp-content\/uploads\/2024\/10\/2-9-300x167.jpg 300w\" sizes=\"auto, (max-width: 660px) 100vw, 660px\" \/><\/a>\n\t\t\t<\/div><\/figure><figure class='gallery-item'>\n\t\t\t<div class='gallery-icon landscape'>\n\t\t\t\t<a href='https:\/\/archive.sana.sy\/tr\/?attachment_id=310290'><img loading=\"lazy\" decoding=\"async\" width=\"660\" height=\"379\" src=\"https:\/\/archive.sana.sy\/tr\/wp-content\/uploads\/2024\/10\/3-8.jpg\" class=\"attachment-full size-full\" alt=\"\" srcset=\"https:\/\/archive.sana.sy\/tr\/wp-content\/uploads\/2024\/10\/3-8.jpg 660w, https:\/\/archive.sana.sy\/tr\/wp-content\/uploads\/2024\/10\/3-8-300x172.jpg 300w\" sizes=\"auto, (max-width: 660px) 100vw, 660px\" \/><\/a>\n\t\t\t<\/div><\/figure><figure class='gallery-item'>\n\t\t\t<div class='gallery-icon landscape'>\n\t\t\t\t<a href='https:\/\/archive.sana.sy\/tr\/?attachment_id=310289'><img loading=\"lazy\" decoding=\"async\" width=\"660\" height=\"379\" src=\"https:\/\/archive.sana.sy\/tr\/wp-content\/uploads\/2024\/10\/4-6.jpg\" class=\"attachment-full size-full\" alt=\"\" srcset=\"https:\/\/archive.sana.sy\/tr\/wp-content\/uploads\/2024\/10\/4-6.jpg 660w, https:\/\/archive.sana.sy\/tr\/wp-content\/uploads\/2024\/10\/4-6-300x172.jpg 300w\" sizes=\"auto, (max-width: 660px) 100vw, 660px\" \/><\/a>\n\t\t\t<\/div><\/figure>\n\t\t<\/div>\n\n<p style=\"text-align: center;\"><strong><a href=\"https:\/\/t.me\/SuriyeArapHaberAjansI\">Telegram Kanal\u0131m\u0131z\u00a0<\/a><span style=\"color: #ff0000;\">||<\/span><a href=\"https:\/\/twitter.com\/arap_ajans\">X Platformumuz\u00a0<\/a><span style=\"color: #ff0000;\">||<\/span><a href=\"https:\/\/www.facebook.com\/SANAHaberAjansi\/\">Facebook Sayfam\u0131z<\/a><\/strong><\/p>\n","protected":false},"excerpt":{"rendered":"<p>\u015eAM (SANA) &#8211; Yeni valiler bug\u00fcn Cumhurba\u015fkan\u0131 Be\u015f\u015far Esad \u00f6n\u00fcnde yasal yemin ettiler. Ard\u0131ndan Say\u0131n Cumhurba\u015fkan\u0131 Esad valilerle bir araya gelerek talimatlar\u0131n\u0131 aktard\u0131 ve vatana ve vatanda\u015fa hizmette yeni g\u00f6revlerinde ba\u015far\u0131lar diledi. Cumhurba\u015fkan\u0131 Esad, a\u015fa\u011f\u0131da belirtildi\u011fi \u00fczere Deyrezzor, Dera, Lazkiye, Hama ve Kuneytira vilayetlerine yeni valiler atayan kararnameler yay\u0131nlam\u0131\u015ft\u0131: Manhal Nader Hanavi, Deyrezzor Valili\u011fi&#8217;nin Valisi &hellip;<\/p>\n","protected":false},"author":41,"featured_media":310277,"comment_status":"closed","ping_status":"closed","sticky":false,"template":"","format":"standard","meta":{"footnotes":""},"categories":[606,6459,605,17988],"tags":[42696,1295,42697,4026,42699,38641],"class_list":["post-310276","post","type-post","status-publish","format-standard","has-post-thumbnail","","category-cumhurbaskani","category-sana-fotolarl","category-sayin-cumhurbaskani","category-son-haberler","tag-cumhurbaskani-esadin-onunde-deyrezzor","tag-dera","tag-hama-ve-kuneytiranin-yeni-valileri-yemin-ettiler","tag-lazkiye","tag-suriyede-son-duurum","tag-suriyede-son-gelimeler"],"_links":{"self":[{"href":"https:\/\/archive.sana.sy\/tr\/index.php?rest_route=\/wp\/v2\/posts\/310276","targetHints":{"allow":["GET"]}}],"collection":[{"href":"https:\/\/archive.sana.sy\/tr\/index.php?rest_route=\/wp\/v2\/posts"}],"about":[{"href":"https:\/\/archive.sana.sy\/tr\/index.php?rest_route=\/wp\/v2\/types\/post"}],"author":[{"embeddable":true,"href":"https:\/\/archive.sana.sy\/tr\/index.php?rest_route=\/wp\/v2\/users\/41"}],"replies":[{"embeddable":true,"href":"https:\/\/archive.sana.sy\/tr\/index.php?rest_route=%2Fwp%2Fv2%2Fcomments&post=310276"}],"version-history":[{"count":4,"href":"https:\/\/archive.sana.sy\/tr\/index.php?rest_route=\/wp\/v2\/posts\/310276\/revisions"}],"predecessor-version":[{"id":310293,"href":"https:\/\/archive.sana.sy\/tr\/index.php?rest_route=\/wp\/v2\/posts\/310276\/revisions\/310293"}],"wp:featuredmedia":[{"embeddable":true,"href":"https:\/\/archive.sana.sy\/tr\/index.php?rest_route=\/wp\/v2\/media\/310277"}],"wp:attachment":[{"href":"https:\/\/archive.sana.sy\/tr\/index.php?rest_route=%2Fwp%2Fv2%2Fmedia&parent=310276"}],"wp:term":[{"taxonomy":"category","embeddable":true,"href":"https:\/\/archive.sana.sy\/tr\/index.php?rest_route=%2Fwp%2Fv2%2Fcategories&post=310276"},{"taxonomy":"post_tag","embeddable":true,"href":"https:\/\/archive.sana.sy\/tr\/index.php?rest_route=%2Fwp%2Fv2%2Ftags&post=310276"}],"curies":[{"name":"wp","href":"https:\/\/api.w.org\/{rel}","templated":true}]}}