{"id":31029,"date":"2015-04-26T20:05:34","date_gmt":"2015-04-26T17:05:34","guid":{"rendered":"http:\/\/www.sana.sy\/tr\/?p=31029"},"modified":"2015-04-26T20:05:34","modified_gmt":"2015-04-26T17:05:34","slug":"abbas-petrol-boru-hatlarini-koruma-imkanlarinin-takip-edilmesi-gerekiyor","status":"publish","type":"post","link":"https:\/\/archive.sana.sy\/tr\/?p=31029","title":{"rendered":"Abbas: Petrol Boru Hatlar\u0131n\u0131 Koruma \u0130mk\u00e2nlar\u0131n\u0131n Takip Edilmesi Gerekiyor"},"content":{"rendered":"<p>\u015eAM \u2013 Petrol ve Madeni Servetler Bakan\u0131 S\u00fcleyman Abbas, el Frakles Rafinerisi Projesinin icraatlar\u0131n\u0131n h\u0131zland\u0131r\u0131lmas\u0131 ve petrol boru hatt\u0131n\u0131n koruma imk\u00e2nlar\u0131n\u0131n takip edilmesi gere\u011fini dile getirdi.<\/p>\n<p><a href=\"http:\/\/www.sana.sy\/tr\/wp-content\/uploads\/2015\/04\/Petrol-Bakan\u0131.JPG-1.jpg\"><img loading=\"lazy\" decoding=\"async\" class=\"alignright wp-image-31031 size-medium\" src=\"http:\/\/www.sana.sy\/tr\/wp-content\/uploads\/2015\/04\/Petrol-Bakan\u0131.JPG-1-300x174.jpg\" alt=\"Petrol Bakan\u0131.JPG 1\" width=\"300\" height=\"174\" srcset=\"https:\/\/archive.sana.sy\/tr\/wp-content\/uploads\/2015\/04\/Petrol-Bakan\u0131.JPG-1-300x174.jpg 300w, https:\/\/archive.sana.sy\/tr\/wp-content\/uploads\/2015\/04\/Petrol-Bakan\u0131.JPG-1-150x87.jpg 150w, https:\/\/archive.sana.sy\/tr\/wp-content\/uploads\/2015\/04\/Petrol-Bakan\u0131.JPG-1-1024x594.jpg 1024w\" sizes=\"auto, (max-width: 300px) 100vw, 300px\" \/><\/a>Bakanl\u0131\u011fa ba\u011fl\u0131 kurum ve kurulu\u015f ba\u015fkanlar\u0131n\u0131n 2015 y\u0131l\u0131n\u0131n ilk \u00fc\u00e7 ayl\u0131k \u00dcretim, Pazarlama ve Yat\u0131r\u0131m Projeleri toplant\u0131lar\u0131na ba\u015fkanl\u0131k eden Abbas, yeni \u00fcretim kuyular\u0131 a\u00e7\u0131larak do\u011falgaz \u00fcretiminin artt\u0131r\u0131lmas\u0131 gere\u011fini vurgulad\u0131.<\/p>\n<p>Petrol \u00fcr\u00fcnlerinin temininde kar\u015f\u0131la\u015f\u0131lan zorluklara ili\u015fkin bir anlat\u0131m sunan Abbas; yerel pazar\u0131n ihtiya\u00e7lar\u0131n\u0131n kar\u015f\u0131lanmas\u0131 i\u00e7in \u00e7al\u0131\u015fmalar\u0131n devam etti\u011fini ifade ederek silahl\u0131 ter\u00f6r gruplar\u0131n\u0131n sald\u0131r\u0131lar\u0131 sonucu petrol hatlar\u0131nda ve altyap\u0131da meydana gelen hasarlar\u0131n onar\u0131m \u00e7al\u0131\u015fmalar\u0131n\u0131n h\u0131zland\u0131r\u0131lmas\u0131 \u00e7a\u011fr\u0131s\u0131nda bulundu.<\/p>\n<p>Petrol Kurumunun yay\u0131nlad\u0131\u011f\u0131 \u00fcretim raporuna g\u00f6re 2015 y\u0131l\u0131n\u0131n ilk \u00fc\u00e7 ay\u0131nda Homs Rafinerisine g\u00fcnl\u00fck 853 varilin \u00fczerinde petrol teslim edildi\u011fini aktaran Abbas; bunun g\u00fcnl\u00fck 15,6 milyon metre k\u00fcp \u00fcretime tekab\u00fcl etti\u011fini belirtti.<\/p>\n<p>F.B. &#8211; M.M.<\/p>\n","protected":false},"excerpt":{"rendered":"<p>\u015eAM \u2013 Petrol ve Madeni Servetler Bakan\u0131 S\u00fcleyman Abbas, el Frakles Rafinerisi Projesinin icraatlar\u0131n\u0131n h\u0131zland\u0131r\u0131lmas\u0131 ve petrol boru hatt\u0131n\u0131n koruma imk\u00e2nlar\u0131n\u0131n takip edilmesi gere\u011fini dile getirdi. Bakanl\u0131\u011fa ba\u011fl\u0131 kurum ve kurulu\u015f ba\u015fkanlar\u0131n\u0131n 2015 y\u0131l\u0131n\u0131n ilk \u00fc\u00e7 ayl\u0131k \u00dcretim, Pazarlama ve Yat\u0131r\u0131m Projeleri toplant\u0131lar\u0131na ba\u015fkanl\u0131k eden Abbas, yeni \u00fcretim kuyular\u0131 a\u00e7\u0131larak do\u011falgaz \u00fcretiminin artt\u0131r\u0131lmas\u0131 gere\u011fini vurgulad\u0131. &hellip;<\/p>\n","protected":false},"author":1,"featured_media":31030,"comment_status":"closed","ping_status":"closed","sticky":false,"template":"","format":"standard","meta":{"footnotes":""},"categories":[485,486],"tags":[14074,14076,14075],"class_list":["post-31029","post","type-post","status-publish","format-standard","has-post-thumbnail","","category-is-ve-sermaye","category-haberler-is-ve-sermaye","tag-abbas-petrol-boru-hatlarini-koruma-imkanlarinin-takip-edilmesi-gerekiyor","tag-el-frakles-rafinerisi-projesinin-icraatlarinin-hizlandirilmasi-ve-petrol-boru-hattinin-koruma-imkanlarinin-takip-edilmesi-geregini-dile-getirdi","tag-sam-petrol-ve-madeni-servetler-bakani-suleyman-abbas"],"_links":{"self":[{"href":"https:\/\/archive.sana.sy\/tr\/index.php?rest_route=\/wp\/v2\/posts\/31029","targetHints":{"allow":["GET"]}}],"collection":[{"href":"https:\/\/archive.sana.sy\/tr\/index.php?rest_route=\/wp\/v2\/posts"}],"about":[{"href":"https:\/\/archive.sana.sy\/tr\/index.php?rest_route=\/wp\/v2\/types\/post"}],"author":[{"embeddable":true,"href":"https:\/\/archive.sana.sy\/tr\/index.php?rest_route=\/wp\/v2\/users\/1"}],"replies":[{"embeddable":true,"href":"https:\/\/archive.sana.sy\/tr\/index.php?rest_route=%2Fwp%2Fv2%2Fcomments&post=31029"}],"version-history":[{"count":0,"href":"https:\/\/archive.sana.sy\/tr\/index.php?rest_route=\/wp\/v2\/posts\/31029\/revisions"}],"wp:featuredmedia":[{"embeddable":true,"href":"https:\/\/archive.sana.sy\/tr\/index.php?rest_route=\/wp\/v2\/media\/31030"}],"wp:attachment":[{"href":"https:\/\/archive.sana.sy\/tr\/index.php?rest_route=%2Fwp%2Fv2%2Fmedia&parent=31029"}],"wp:term":[{"taxonomy":"category","embeddable":true,"href":"https:\/\/archive.sana.sy\/tr\/index.php?rest_route=%2Fwp%2Fv2%2Fcategories&post=31029"},{"taxonomy":"post_tag","embeddable":true,"href":"https:\/\/archive.sana.sy\/tr\/index.php?rest_route=%2Fwp%2Fv2%2Ftags&post=31029"}],"curies":[{"name":"wp","href":"https:\/\/api.w.org\/{rel}","templated":true}]}}