{"id":310294,"date":"2024-10-19T18:10:03","date_gmt":"2024-10-19T15:10:03","guid":{"rendered":"https:\/\/sana.sy\/tr\/?p=310294"},"modified":"2024-10-19T18:10:03","modified_gmt":"2024-10-19T15:10:03","slug":"suriyenin-katilimiyla-arap-gocmen-sagligi-yeterliklerine-iliskin-ilk-arap-konferansi-acildi","status":"publish","type":"post","link":"https:\/\/archive.sana.sy\/tr\/?p=310294","title":{"rendered":"Suriye&#8217;nin Kat\u0131l\u0131m\u0131yla&#8230; Arap G\u00f6\u00e7men Sa\u011fl\u0131\u011f\u0131 Yeterliklerine \u0130li\u015fkin \u0130lk Arap Konferans\u0131 A\u00e7\u0131ld\u0131"},"content":{"rendered":"<p style=\"text-align: justify;\"><strong>AMMAN (SANA)<\/strong> &#8211;\u00a0 Suriye&#8217;nin kat\u0131l\u0131m\u0131yla, Arap g\u00f6\u00e7men sa\u011fl\u0131k yeterliliklerinin Arap \u00fclkelerindeki sa\u011fl\u0131k sistemlerini desteklemedeki rol\u00fcn\u00fc konu alan ilk Arap konferans\u0131 bug\u00fcn ba\u015flat\u0131ld\u0131.<\/p>\n<p style=\"text-align: justify;\">Arap d\u00fcnyas\u0131nda t\u00fcr\u00fcn\u00fcn ilk \u00f6rne\u011fi olan ve \u00dcrd\u00fcn&#8217;\u00fcn ba\u015fkenti Amman&#8217;da d\u00fczenlenen konferans, ortak Arap sa\u011fl\u0131k i\u015fbirli\u011fini geli\u015ftirmeyi ama\u00e7l\u0131yor.<\/p>\n<p style=\"text-align: justify;\">\u0130ki g\u00fcn boyunca ger\u00e7ekle\u015ftirilecek konferansa, Arap sa\u011fl\u0131k bakanlar\u0131 ve diasporada kayda de\u011fer ba\u015far\u0131lara imza atm\u0131\u015f, Arap sa\u011fl\u0131k yetkinli\u011fine sahip doktorlar\u0131n da aralar\u0131nda bulundu\u011fu yakla\u015f\u0131k 500 ki\u015fi kat\u0131l\u0131yor.<\/p>\n<p style=\"text-align: center;\"><strong><a href=\"https:\/\/t.me\/SuriyeArapHaberAjansI\">Telegram Kanal\u0131m\u0131z\u00a0<\/a>||<a href=\"https:\/\/twitter.com\/arap_ajans\">X Platformumuz\u00a0<\/a>||<a href=\"https:\/\/www.facebook.com\/SANAHaberAjansi\/\">Facebook Sayfam\u0131z<\/a><\/strong><\/p>\n","protected":false},"excerpt":{"rendered":"<p>AMMAN (SANA) &#8211;\u00a0 Suriye&#8217;nin kat\u0131l\u0131m\u0131yla, Arap g\u00f6\u00e7men sa\u011fl\u0131k yeterliliklerinin Arap \u00fclkelerindeki sa\u011fl\u0131k sistemlerini desteklemedeki rol\u00fcn\u00fc konu alan ilk Arap konferans\u0131 bug\u00fcn ba\u015flat\u0131ld\u0131. Arap d\u00fcnyas\u0131nda t\u00fcr\u00fcn\u00fcn ilk \u00f6rne\u011fi olan ve \u00dcrd\u00fcn&#8217;\u00fcn ba\u015fkenti Amman&#8217;da d\u00fczenlenen konferans, ortak Arap sa\u011fl\u0131k i\u015fbirli\u011fini geli\u015ftirmeyi ama\u00e7l\u0131yor. \u0130ki g\u00fcn boyunca ger\u00e7ekle\u015ftirilecek konferansa, Arap sa\u011fl\u0131k bakanlar\u0131 ve diasporada kayda de\u011fer ba\u015far\u0131lara imza atm\u0131\u015f, &hellip;<\/p>\n","protected":false},"author":41,"featured_media":310295,"comment_status":"closed","ping_status":"closed","sticky":false,"template":"","format":"standard","meta":{"footnotes":""},"categories":[458,589,459,17988],"tags":[19043,38641,42700],"class_list":["post-310294","post","type-post","status-publish","format-standard","has-post-thumbnail","","category-dunya1","category-haber-seridi","category-haberler-arap-uluslararasi-politika","category-son-haberler","tag-suriyede-son-durum","tag-suriyede-son-gelimeler","tag-suriyenin-katilimiyla-arap-gocmen-sagligi-yeterliklerine-iliskin-ilk-arap-konferansi-acildi"],"_links":{"self":[{"href":"https:\/\/archive.sana.sy\/tr\/index.php?rest_route=\/wp\/v2\/posts\/310294","targetHints":{"allow":["GET"]}}],"collection":[{"href":"https:\/\/archive.sana.sy\/tr\/index.php?rest_route=\/wp\/v2\/posts"}],"about":[{"href":"https:\/\/archive.sana.sy\/tr\/index.php?rest_route=\/wp\/v2\/types\/post"}],"author":[{"embeddable":true,"href":"https:\/\/archive.sana.sy\/tr\/index.php?rest_route=\/wp\/v2\/users\/41"}],"replies":[{"embeddable":true,"href":"https:\/\/archive.sana.sy\/tr\/index.php?rest_route=%2Fwp%2Fv2%2Fcomments&post=310294"}],"version-history":[{"count":1,"href":"https:\/\/archive.sana.sy\/tr\/index.php?rest_route=\/wp\/v2\/posts\/310294\/revisions"}],"predecessor-version":[{"id":310296,"href":"https:\/\/archive.sana.sy\/tr\/index.php?rest_route=\/wp\/v2\/posts\/310294\/revisions\/310296"}],"wp:featuredmedia":[{"embeddable":true,"href":"https:\/\/archive.sana.sy\/tr\/index.php?rest_route=\/wp\/v2\/media\/310295"}],"wp:attachment":[{"href":"https:\/\/archive.sana.sy\/tr\/index.php?rest_route=%2Fwp%2Fv2%2Fmedia&parent=310294"}],"wp:term":[{"taxonomy":"category","embeddable":true,"href":"https:\/\/archive.sana.sy\/tr\/index.php?rest_route=%2Fwp%2Fv2%2Fcategories&post=310294"},{"taxonomy":"post_tag","embeddable":true,"href":"https:\/\/archive.sana.sy\/tr\/index.php?rest_route=%2Fwp%2Fv2%2Ftags&post=310294"}],"curies":[{"name":"wp","href":"https:\/\/api.w.org\/{rel}","templated":true}]}}