{"id":310297,"date":"2024-10-19T10:31:10","date_gmt":"2024-10-19T07:31:10","guid":{"rendered":"https:\/\/sana.sy\/tr\/?p=310297"},"modified":"2024-10-19T19:34:20","modified_gmt":"2024-10-19T16:34:20","slug":"cin-devlet-baskani-ulkesinin-stratejik-fuze-kuvvetlerine-yeteneklerini-artirma-cagrisinda-bulundu","status":"publish","type":"post","link":"https:\/\/archive.sana.sy\/tr\/?p=310297","title":{"rendered":"\u00c7in Devlet Ba\u015fkan\u0131, \u00dclkesinin Stratejik F\u00fcze Kuvvetlerine Yeteneklerini Art\u0131rma \u00c7a\u011fr\u0131s\u0131nda Bulundu"},"content":{"rendered":"<p style=\"text-align: justify;\"><strong>PEK\u0130N (SANA)<\/strong> &#8211;\u00a0 \u00c7in Devlet Ba\u015fkan\u0131 Xi Jinping, \u00fclkesinin stratejik f\u00fcze kuvvetlerini cayd\u0131r\u0131c\u0131l\u0131k ve sava\u015f yeteneklerini g\u00fc\u00e7lendirmeye ve kendilerine verilen g\u00f6revlere s\u0131k\u0131 s\u0131k\u0131ya ba\u011fl\u0131 kalmaya \u00e7a\u011f\u0131rd\u0131.<\/p>\n<p style=\"text-align: justify;\">Xinhua haber ajans\u0131n\u0131n bildirdi\u011fine g\u00f6re, Halk Kurtulu\u015f Ordusu&#8217;nun F\u00fcze Kuvvetleri birli\u011fini tefti\u015f ederken Xi, &#8220;Partinin sa\u011flam liderli\u011fine ba\u011fl\u0131 kalman\u0131n ve hedeflenen e\u011fitimi yeni ekipman, beceri ve sava\u015f y\u00f6ntemleriyle g\u00fc\u00e7lendirmenin \u00f6nemini&#8221; vurgulad\u0131.<\/p>\n<p style=\"text-align: justify;\">Tur s\u0131ras\u0131nda Xi, yeni tan\u0131t\u0131lan silah ve te\u00e7hizat\u0131n taktik ve teknik performans\u0131 hakk\u0131nda bilgi ald\u0131 ve t\u00fcmenin silah operasyonlar\u0131 konusundaki e\u011fitimini inceledi ve subaylar\u0131 ve askerleri iyi bilgi edinmeye, silahlar\u0131 en iyi \u015fekilde kullanmaya ve Partinin ve halk\u0131n g\u00fcvenini kazanmaya te\u015fvik etti.<\/p>\n<p style=\"text-align: justify;\">\u00c7in Devlet Ba\u015fkan\u0131 ayr\u0131ca, \u00a0ulusal stratejik g\u00fcvenli\u011fi ve temel \u00e7\u0131karlar\u0131 korumak amac\u0131yla asker e\u011fitimini yo\u011funla\u015ft\u0131rma, t\u00fcm alanlarda sava\u015fa haz\u0131rl\u0131\u011f\u0131 g\u00fc\u00e7lendirme ve sava\u015f yeteneklerini geli\u015ftirme y\u00f6n\u00fcnde \u00e7aba g\u00f6sterilmesi \u00e7a\u011fr\u0131s\u0131nda bulundu.<\/p>\n<p style=\"text-align: center;\"><strong><a href=\"https:\/\/t.me\/SuriyeArapHaberAjansI\">Telegram Kanal\u0131m\u0131z\u00a0<\/a>||<a href=\"https:\/\/twitter.com\/arap_ajans\">X Platformumuz\u00a0<\/a>||<a href=\"https:\/\/www.facebook.com\/SANAHaberAjansi\/\">Facebook Sayfam\u0131z<\/a><\/strong><\/p>\n","protected":false},"excerpt":{"rendered":"<p>PEK\u0130N (SANA) &#8211;\u00a0 \u00c7in Devlet Ba\u015fkan\u0131 Xi Jinping, \u00fclkesinin stratejik f\u00fcze kuvvetlerini cayd\u0131r\u0131c\u0131l\u0131k ve sava\u015f yeteneklerini g\u00fc\u00e7lendirmeye ve kendilerine verilen g\u00f6revlere s\u0131k\u0131 s\u0131k\u0131ya ba\u011fl\u0131 kalmaya \u00e7a\u011f\u0131rd\u0131. Xinhua haber ajans\u0131n\u0131n bildirdi\u011fine g\u00f6re, Halk Kurtulu\u015f Ordusu&#8217;nun F\u00fcze Kuvvetleri birli\u011fini tefti\u015f ederken Xi, &#8220;Partinin sa\u011flam liderli\u011fine ba\u011fl\u0131 kalman\u0131n ve hedeflenen e\u011fitimi yeni ekipman, beceri ve sava\u015f y\u00f6ntemleriyle g\u00fc\u00e7lendirmenin &hellip;<\/p>\n","protected":false},"author":41,"featured_media":310298,"comment_status":"closed","ping_status":"closed","sticky":false,"template":"","format":"standard","meta":{"footnotes":""},"categories":[458,589,459,17988],"tags":[41457,42701],"class_list":["post-310297","post","type-post","status-publish","format-standard","has-post-thumbnail","","category-dunya1","category-haber-seridi","category-haberler-arap-uluslararasi-politika","category-son-haberler","tag-cin-devlet-baskani","tag-ulkesinin-stratejik-fuze-kuvvetlerine-yeteneklerini-artirma-cagrisinda-bulundu"],"_links":{"self":[{"href":"https:\/\/archive.sana.sy\/tr\/index.php?rest_route=\/wp\/v2\/posts\/310297","targetHints":{"allow":["GET"]}}],"collection":[{"href":"https:\/\/archive.sana.sy\/tr\/index.php?rest_route=\/wp\/v2\/posts"}],"about":[{"href":"https:\/\/archive.sana.sy\/tr\/index.php?rest_route=\/wp\/v2\/types\/post"}],"author":[{"embeddable":true,"href":"https:\/\/archive.sana.sy\/tr\/index.php?rest_route=\/wp\/v2\/users\/41"}],"replies":[{"embeddable":true,"href":"https:\/\/archive.sana.sy\/tr\/index.php?rest_route=%2Fwp%2Fv2%2Fcomments&post=310297"}],"version-history":[{"count":2,"href":"https:\/\/archive.sana.sy\/tr\/index.php?rest_route=\/wp\/v2\/posts\/310297\/revisions"}],"predecessor-version":[{"id":310300,"href":"https:\/\/archive.sana.sy\/tr\/index.php?rest_route=\/wp\/v2\/posts\/310297\/revisions\/310300"}],"wp:featuredmedia":[{"embeddable":true,"href":"https:\/\/archive.sana.sy\/tr\/index.php?rest_route=\/wp\/v2\/media\/310298"}],"wp:attachment":[{"href":"https:\/\/archive.sana.sy\/tr\/index.php?rest_route=%2Fwp%2Fv2%2Fmedia&parent=310297"}],"wp:term":[{"taxonomy":"category","embeddable":true,"href":"https:\/\/archive.sana.sy\/tr\/index.php?rest_route=%2Fwp%2Fv2%2Fcategories&post=310297"},{"taxonomy":"post_tag","embeddable":true,"href":"https:\/\/archive.sana.sy\/tr\/index.php?rest_route=%2Fwp%2Fv2%2Ftags&post=310297"}],"curies":[{"name":"wp","href":"https:\/\/api.w.org\/{rel}","templated":true}]}}