{"id":310307,"date":"2024-10-20T10:01:43","date_gmt":"2024-10-20T07:01:43","guid":{"rendered":"https:\/\/sana.sy\/tr\/?p=310307"},"modified":"2024-10-20T15:24:45","modified_gmt":"2024-10-20T12:24:45","slug":"irak-direnisi-dusman-israilin-hayati-bir-hedefini-ihalarla-bombaladi","status":"publish","type":"post","link":"https:\/\/archive.sana.sy\/tr\/?p=310307","title":{"rendered":"Irak direni\u015fi D\u00fc\u015fman \u0130srail\u2019in Hayati Bir Hedefini \u0130HA&#8217;larla Bombalad\u0131"},"content":{"rendered":"<p style=\"text-align: justify;\"><strong>BA\u011eDAT (SANA) &#8211;\u00a0<\/strong>Irak direni\u015fi bug\u00fcn \u015fafak vakti d\u00fc\u015fman \u0130srail&#8217;in i\u015fgal edilen Suriyeli Golan&#8217;\u0131ndaki hayati bir b\u00f6lgesini \u0130HA&#8217;larla hedef ald\u0131.<\/p>\n<p style=\"text-align: justify;\">Irak direni\u015finin a\u00e7\u0131klamas\u0131nda \u015fu ifadelere yer verildi: &#8220;\u0130\u015fgale kar\u015f\u0131 direni\u015f yakla\u015f\u0131m\u0131m\u0131z\u0131n devam\u0131, Filistin ve L\u00fcbnan&#8217;daki halklar\u0131m\u0131za destek ve gasp\u00e7\u0131 varl\u0131\u011f\u0131n aralar\u0131nda \u00e7ocuk, kad\u0131n ve ya\u015fl\u0131lar\u0131n da bulundu\u011fu sivillere y\u00f6nelik yapt\u0131\u011f\u0131 katliamlara yan\u0131t olarak, Irak&#8217;taki direni\u015f sava\u015f\u00e7\u0131lar\u0131 bug\u00fcn \u015fafak vakti i\u015fgal edilen Suriyeli Golan&#8217;daki hayati bir hedefi insans\u0131z hava ara\u00e7lar\u0131yla hedef ald\u0131&#8221;.<\/p>\n<p style=\"text-align: justify;\">Direni\u015f ayr\u0131ca, \u0130srail&#8217;in d\u00fc\u015fman mevzilerini hedef alan operasyonlar\u0131n artan bir h\u0131zla devam etti\u011fini kaydetti.<\/p>\n<p style=\"text-align: center;\"><strong><a href=\"https:\/\/t.me\/SuriyeArapHaberAjansI\">Telegram Kanal\u0131m\u0131z\u00a0<\/a>||<a href=\"https:\/\/twitter.com\/arap_ajans\">X Platformumuz\u00a0<\/a>||<a href=\"https:\/\/www.facebook.com\/SANAHaberAjansi\/\">Facebook Sayfam\u0131z<\/a><\/strong><\/p>\n","protected":false},"excerpt":{"rendered":"<p>BA\u011eDAT (SANA) &#8211;\u00a0Irak direni\u015fi bug\u00fcn \u015fafak vakti d\u00fc\u015fman \u0130srail&#8217;in i\u015fgal edilen Suriyeli Golan&#8217;\u0131ndaki hayati bir b\u00f6lgesini \u0130HA&#8217;larla hedef ald\u0131. Irak direni\u015finin a\u00e7\u0131klamas\u0131nda \u015fu ifadelere yer verildi: &#8220;\u0130\u015fgale kar\u015f\u0131 direni\u015f yakla\u015f\u0131m\u0131m\u0131z\u0131n devam\u0131, Filistin ve L\u00fcbnan&#8217;daki halklar\u0131m\u0131za destek ve gasp\u00e7\u0131 varl\u0131\u011f\u0131n aralar\u0131nda \u00e7ocuk, kad\u0131n ve ya\u015fl\u0131lar\u0131n da bulundu\u011fu sivillere y\u00f6nelik yapt\u0131\u011f\u0131 katliamlara yan\u0131t olarak, Irak&#8217;taki direni\u015f sava\u015f\u00e7\u0131lar\u0131 &hellip;<\/p>\n","protected":false},"author":39,"featured_media":310308,"comment_status":"closed","ping_status":"closed","sticky":false,"template":"","format":"standard","meta":{"footnotes":""},"categories":[458,589,459,17988],"tags":[42703],"class_list":["post-310307","post","type-post","status-publish","format-standard","has-post-thumbnail","","category-dunya1","category-haber-seridi","category-haberler-arap-uluslararasi-politika","category-son-haberler","tag-irak-direnisi-dusman-israilin-hayati-bir-hedefini-ihalarla-bombaladi"],"_links":{"self":[{"href":"https:\/\/archive.sana.sy\/tr\/index.php?rest_route=\/wp\/v2\/posts\/310307","targetHints":{"allow":["GET"]}}],"collection":[{"href":"https:\/\/archive.sana.sy\/tr\/index.php?rest_route=\/wp\/v2\/posts"}],"about":[{"href":"https:\/\/archive.sana.sy\/tr\/index.php?rest_route=\/wp\/v2\/types\/post"}],"author":[{"embeddable":true,"href":"https:\/\/archive.sana.sy\/tr\/index.php?rest_route=\/wp\/v2\/users\/39"}],"replies":[{"embeddable":true,"href":"https:\/\/archive.sana.sy\/tr\/index.php?rest_route=%2Fwp%2Fv2%2Fcomments&post=310307"}],"version-history":[{"count":2,"href":"https:\/\/archive.sana.sy\/tr\/index.php?rest_route=\/wp\/v2\/posts\/310307\/revisions"}],"predecessor-version":[{"id":310336,"href":"https:\/\/archive.sana.sy\/tr\/index.php?rest_route=\/wp\/v2\/posts\/310307\/revisions\/310336"}],"wp:featuredmedia":[{"embeddable":true,"href":"https:\/\/archive.sana.sy\/tr\/index.php?rest_route=\/wp\/v2\/media\/310308"}],"wp:attachment":[{"href":"https:\/\/archive.sana.sy\/tr\/index.php?rest_route=%2Fwp%2Fv2%2Fmedia&parent=310307"}],"wp:term":[{"taxonomy":"category","embeddable":true,"href":"https:\/\/archive.sana.sy\/tr\/index.php?rest_route=%2Fwp%2Fv2%2Fcategories&post=310307"},{"taxonomy":"post_tag","embeddable":true,"href":"https:\/\/archive.sana.sy\/tr\/index.php?rest_route=%2Fwp%2Fv2%2Ftags&post=310307"}],"curies":[{"name":"wp","href":"https:\/\/api.w.org\/{rel}","templated":true}]}}