{"id":310310,"date":"2024-10-20T10:36:51","date_gmt":"2024-10-20T07:36:51","guid":{"rendered":"https:\/\/sana.sy\/tr\/?p=310310"},"modified":"2024-10-20T10:36:51","modified_gmt":"2024-10-20T07:36:51","slug":"iran-siyonist-varligin-yalan-ve-gerceklerin-carpitilmasi-uzerine-kuruldugunu-vurguladi","status":"publish","type":"post","link":"https:\/\/archive.sana.sy\/tr\/?p=310310","title":{"rendered":"\u0130ran, Siyonist Varl\u0131\u011f\u0131n Yalan Ve Ger\u00e7eklerin \u00c7arp\u0131t\u0131lmas\u0131 \u00dczerine Kuruldu\u011funu Vurgulad\u0131"},"content":{"rendered":"<p style=\"text-align: justify;\"><strong>TAHRAN (SANA)<\/strong> \u2013 \u0130ran, Siyonist varl\u0131\u011f\u0131n yalanlar ve ger\u00e7ekleri \u00e7arp\u0131tma \u00fczerine kuruldu\u011funu vurgulayarak, \u0130ran&#8217;a ili\u015fkin ve varl\u0131\u011f\u0131n Ba\u015fbakan\u0131 Binyamin Netanyahu&#8217;nun Kayserya&#8217;daki ikametgah\u0131n\u0131n hedef al\u0131nd\u0131\u011f\u0131 y\u00f6n\u00fcndeki iddialar\u0131n reddedildi\u011fini ve bu yalanlar kapsam\u0131na girdi\u011fini belirtti.<\/p>\n<p style=\"text-align: justify;\">\u0130ran haber ajans\u0131 IRNA&#8217;n\u0131n haberine g\u00f6re, \u0130ran D\u0131\u015fi\u015fleri Bakanl\u0131\u011f\u0131 s\u00f6zc\u00fcs\u00fc \u0130smail Bakayi, Siyonist varl\u0131\u011f\u0131n yalanlar ve ger\u00e7eklerin \u00e7arp\u0131t\u0131lmas\u0131 \u00fczerine kuruldu\u011funu, yalan yayman\u0131n bu varl\u0131\u011f\u0131n ve onun su\u00e7 liderlerinin mevcut ve kal\u0131c\u0131 bir uygulamas\u0131 oldu\u011funu belirtti.<\/p>\n<p style=\"text-align: justify;\">\u0130ran&#8217;\u0131n Birle\u015fmi\u015f Milletler&#8217;deki daimi Temsilcili\u011fi da Siyonist varl\u0131\u011f\u0131n, Netanyahu&#8217;nun ikametgah\u0131n\u0131n insans\u0131z hava arac\u0131yla hedef al\u0131nmas\u0131na ili\u015fkin \u0130ran&#8217;a y\u00f6nelik iddia ve su\u00e7lamalar\u0131n\u0131 \u015fiddetle reddederek, \u0130ran&#8217;\u0131n daha \u00f6nce Siyonist yap\u0131ya kar\u015f\u0131l\u0131k verdi\u011fini kaydetti.<\/p>\n<p style=\"text-align: center;\"><strong><a href=\"https:\/\/t.me\/SuriyeArapHaberAjansI\">Telegram Kanal\u0131m\u0131z\u00a0<\/a>||<a href=\"https:\/\/twitter.com\/arap_ajans\">X Platformumuz\u00a0<\/a>||<a href=\"https:\/\/www.facebook.com\/SANAHaberAjansi\/\">Facebook Sayfam\u0131z<\/a><\/strong><\/p>\n","protected":false},"excerpt":{"rendered":"<p>TAHRAN (SANA) \u2013 \u0130ran, Siyonist varl\u0131\u011f\u0131n yalanlar ve ger\u00e7ekleri \u00e7arp\u0131tma \u00fczerine kuruldu\u011funu vurgulayarak, \u0130ran&#8217;a ili\u015fkin ve varl\u0131\u011f\u0131n Ba\u015fbakan\u0131 Binyamin Netanyahu&#8217;nun Kayserya&#8217;daki ikametgah\u0131n\u0131n hedef al\u0131nd\u0131\u011f\u0131 y\u00f6n\u00fcndeki iddialar\u0131n reddedildi\u011fini ve bu yalanlar kapsam\u0131na girdi\u011fini belirtti. \u0130ran haber ajans\u0131 IRNA&#8217;n\u0131n haberine g\u00f6re, \u0130ran D\u0131\u015fi\u015fleri Bakanl\u0131\u011f\u0131 s\u00f6zc\u00fcs\u00fc \u0130smail Bakayi, Siyonist varl\u0131\u011f\u0131n yalanlar ve ger\u00e7eklerin \u00e7arp\u0131t\u0131lmas\u0131 \u00fczerine kuruldu\u011funu, yalan yayman\u0131n &hellip;<\/p>\n","protected":false},"author":39,"featured_media":310311,"comment_status":"closed","ping_status":"closed","sticky":false,"template":"","format":"standard","meta":{"footnotes":""},"categories":[458,589,459,17988],"tags":[],"class_list":["post-310310","post","type-post","status-publish","format-standard","has-post-thumbnail","","category-dunya1","category-haber-seridi","category-haberler-arap-uluslararasi-politika","category-son-haberler"],"_links":{"self":[{"href":"https:\/\/archive.sana.sy\/tr\/index.php?rest_route=\/wp\/v2\/posts\/310310","targetHints":{"allow":["GET"]}}],"collection":[{"href":"https:\/\/archive.sana.sy\/tr\/index.php?rest_route=\/wp\/v2\/posts"}],"about":[{"href":"https:\/\/archive.sana.sy\/tr\/index.php?rest_route=\/wp\/v2\/types\/post"}],"author":[{"embeddable":true,"href":"https:\/\/archive.sana.sy\/tr\/index.php?rest_route=\/wp\/v2\/users\/39"}],"replies":[{"embeddable":true,"href":"https:\/\/archive.sana.sy\/tr\/index.php?rest_route=%2Fwp%2Fv2%2Fcomments&post=310310"}],"version-history":[{"count":1,"href":"https:\/\/archive.sana.sy\/tr\/index.php?rest_route=\/wp\/v2\/posts\/310310\/revisions"}],"predecessor-version":[{"id":310312,"href":"https:\/\/archive.sana.sy\/tr\/index.php?rest_route=\/wp\/v2\/posts\/310310\/revisions\/310312"}],"wp:featuredmedia":[{"embeddable":true,"href":"https:\/\/archive.sana.sy\/tr\/index.php?rest_route=\/wp\/v2\/media\/310311"}],"wp:attachment":[{"href":"https:\/\/archive.sana.sy\/tr\/index.php?rest_route=%2Fwp%2Fv2%2Fmedia&parent=310310"}],"wp:term":[{"taxonomy":"category","embeddable":true,"href":"https:\/\/archive.sana.sy\/tr\/index.php?rest_route=%2Fwp%2Fv2%2Fcategories&post=310310"},{"taxonomy":"post_tag","embeddable":true,"href":"https:\/\/archive.sana.sy\/tr\/index.php?rest_route=%2Fwp%2Fv2%2Ftags&post=310310"}],"curies":[{"name":"wp","href":"https:\/\/api.w.org\/{rel}","templated":true}]}}