{"id":310319,"date":"2024-10-20T10:35:43","date_gmt":"2024-10-20T07:35:43","guid":{"rendered":"https:\/\/sana.sy\/tr\/?p=310319"},"modified":"2024-10-20T12:38:54","modified_gmt":"2024-10-20T09:38:54","slug":"amerikanin-israil-varligina-verdigi-destegin-sona-ermesi-talebiyle-abdnin-chicago-kentinde-gosteriler-duzenlendi","status":"publish","type":"post","link":"https:\/\/archive.sana.sy\/tr\/?p=310319","title":{"rendered":"Amerika&#8217;n\u0131n \u0130srail Varl\u0131\u011f\u0131na Verdi\u011fi Deste\u011fin Sona Ermesi Talebiyle ABD&#8217;nin Chicago Kentinde G\u00f6steriler D\u00fczenlendi"},"content":{"rendered":"<p style=\"text-align: justify;\"><strong>VA\u015e\u0130NGTON (SANA) \u2013 <\/strong>ABD&#8217;nin \u0130llinois eyalettindeki Chicago sokaklar\u0131nda d\u00fczenlenen bir g\u00f6steride y\u00fczlerce aktivist, Amerika&#8217;n\u0131n \u0130srail varl\u0131\u011f\u0131na verdi\u011fi deste\u011fin sona ermesini ve Gazze \u015eeridi&#8217;ne y\u00f6nelik sald\u0131rganl\u0131\u011f\u0131 durdurmak i\u00e7in kendisine g\u00f6nderilen silahlara derhal ambargo uygulanmas\u0131 gere\u011fini talep etti.<\/p>\n<p style=\"text-align: justify;\">WAFA Haber Ajans\u0131, aktivistlerin Filistin bayra\u011f\u0131n\u0131 kald\u0131rd\u0131\u011f\u0131n\u0131 ve Filistin halk\u0131na kar\u015f\u0131 devam eden katliamlar\u0131 k\u0131nayan sloganlar att\u0131\u011f\u0131n\u0131 ve i\u015fgal h\u00fck\u00fcmetinin Filistin halk\u0131na kar\u015f\u0131 devam eden \u201csoyk\u0131r\u0131m\u201d\u0131na ili\u015fkin Amerika&#8217;n\u0131n sessizli\u011fini reddetti\u011fini bildirdi.<\/p>\n<p style=\"text-align: center;\"><strong><a href=\"https:\/\/t.me\/SuriyeArapHaberAjansI\">Telegram Kanal\u0131m\u0131z\u00a0<\/a>||<a href=\"https:\/\/twitter.com\/arap_ajans\">X Platformumuz\u00a0<\/a>||<a href=\"https:\/\/www.facebook.com\/SANAHaberAjansi\/\">Facebook Sayfam\u0131z<\/a><\/strong><\/p>\n","protected":false},"excerpt":{"rendered":"<p>VA\u015e\u0130NGTON (SANA) \u2013 ABD&#8217;nin \u0130llinois eyalettindeki Chicago sokaklar\u0131nda d\u00fczenlenen bir g\u00f6steride y\u00fczlerce aktivist, Amerika&#8217;n\u0131n \u0130srail varl\u0131\u011f\u0131na verdi\u011fi deste\u011fin sona ermesini ve Gazze \u015eeridi&#8217;ne y\u00f6nelik sald\u0131rganl\u0131\u011f\u0131 durdurmak i\u00e7in kendisine g\u00f6nderilen silahlara derhal ambargo uygulanmas\u0131 gere\u011fini talep etti. WAFA Haber Ajans\u0131, aktivistlerin Filistin bayra\u011f\u0131n\u0131 kald\u0131rd\u0131\u011f\u0131n\u0131 ve Filistin halk\u0131na kar\u015f\u0131 devam eden katliamlar\u0131 k\u0131nayan sloganlar att\u0131\u011f\u0131n\u0131 ve i\u015fgal &hellip;<\/p>\n","protected":false},"author":39,"featured_media":310320,"comment_status":"closed","ping_status":"closed","sticky":false,"template":"","format":"standard","meta":{"footnotes":""},"categories":[458,589,459,17988],"tags":[],"class_list":["post-310319","post","type-post","status-publish","format-standard","has-post-thumbnail","","category-dunya1","category-haber-seridi","category-haberler-arap-uluslararasi-politika","category-son-haberler"],"_links":{"self":[{"href":"https:\/\/archive.sana.sy\/tr\/index.php?rest_route=\/wp\/v2\/posts\/310319","targetHints":{"allow":["GET"]}}],"collection":[{"href":"https:\/\/archive.sana.sy\/tr\/index.php?rest_route=\/wp\/v2\/posts"}],"about":[{"href":"https:\/\/archive.sana.sy\/tr\/index.php?rest_route=\/wp\/v2\/types\/post"}],"author":[{"embeddable":true,"href":"https:\/\/archive.sana.sy\/tr\/index.php?rest_route=\/wp\/v2\/users\/39"}],"replies":[{"embeddable":true,"href":"https:\/\/archive.sana.sy\/tr\/index.php?rest_route=%2Fwp%2Fv2%2Fcomments&post=310319"}],"version-history":[{"count":2,"href":"https:\/\/archive.sana.sy\/tr\/index.php?rest_route=\/wp\/v2\/posts\/310319\/revisions"}],"predecessor-version":[{"id":310322,"href":"https:\/\/archive.sana.sy\/tr\/index.php?rest_route=\/wp\/v2\/posts\/310319\/revisions\/310322"}],"wp:featuredmedia":[{"embeddable":true,"href":"https:\/\/archive.sana.sy\/tr\/index.php?rest_route=\/wp\/v2\/media\/310320"}],"wp:attachment":[{"href":"https:\/\/archive.sana.sy\/tr\/index.php?rest_route=%2Fwp%2Fv2%2Fmedia&parent=310319"}],"wp:term":[{"taxonomy":"category","embeddable":true,"href":"https:\/\/archive.sana.sy\/tr\/index.php?rest_route=%2Fwp%2Fv2%2Fcategories&post=310319"},{"taxonomy":"post_tag","embeddable":true,"href":"https:\/\/archive.sana.sy\/tr\/index.php?rest_route=%2Fwp%2Fv2%2Ftags&post=310319"}],"curies":[{"name":"wp","href":"https:\/\/api.w.org\/{rel}","templated":true}]}}