{"id":310330,"date":"2024-10-20T15:05:46","date_gmt":"2024-10-20T12:05:46","guid":{"rendered":"https:\/\/sana.sy\/tr\/?p=310330"},"modified":"2024-10-22T17:44:55","modified_gmt":"2024-10-22T14:44:55","slug":"cumhurbaskani-esad-urdun-disisleri-bakani-ile-ikili-iliskileri-ve-suriyeli-multecilerin-geri-donus-dosyasini-gorustu","status":"publish","type":"post","link":"https:\/\/archive.sana.sy\/tr\/?p=310330","title":{"rendered":"Cumhurba\u015fkan\u0131 Esad, \u00dcrd\u00fcn D\u0131\u015fi\u015fleri Bakan\u0131 \u0130le \u0130kili \u0130li\u015fkileri Ve Suriyeli M\u00fcltecilerin Geri D\u00f6n\u00fc\u015f Dosyas\u0131n\u0131 G\u00f6r\u00fc\u015ft\u00fc"},"content":{"rendered":"<p style=\"text-align: justify;\"><strong>\u015eAM (SANA) &#8211;<\/strong>\u00a0 Cumhurba\u015fkan\u0131 Be\u015f\u015far Esad, \u00dcrd\u00fcn D\u0131\u015fi\u015fleri Bakan\u0131 Eymen Safadi ile bir araya gelerek, kendisiyle iki \u00fclke aras\u0131ndaki ikili ili\u015fkiler, bu ili\u015fkileri geli\u015ftirme yollar\u0131 ve Suriyeli m\u00fcltecilerin geri d\u00f6n\u00fc\u015f\u00fc konusunu ele ald\u0131.<\/p>\n<p style=\"text-align: justify;\">Cumhurba\u015fkan\u0131 Esad ayr\u0131ca, Bakan Safadi ile b\u00f6lgedeki g\u00fcncel ve tehlikeli geli\u015fmeleri g\u00f6r\u00fc\u015ft\u00fc.<\/p>\n<p style=\"text-align: justify;\">Bakan Safadi, \u00dcrd\u00fcn Ha\u015fimi Krall\u0131\u011f\u0131 Kral\u0131 Kral 2. Abdullah&#8217;tan Suriye&#8217;deki kriz dosyas\u0131n\u0131n yan\u0131 s\u0131ra bir grup ikili ve b\u00f6lgesel dosyaya ili\u015fkin s\u00f6zl\u00fc mesaj aktard\u0131.<\/p>\n<p style=\"text-align: justify;\">Cumhurba\u015fkan\u0131 Esad, Suriyeli m\u00fcltecilerin g\u00fcvenli bir \u015fekilde geri d\u00f6n\u00fc\u015f\u00fcne y\u00f6nelik \u015fartlar\u0131n g\u00fcvence alt\u0131na al\u0131nmas\u0131n\u0131n Suriye devletinin \u00f6nceli\u011fi oldu\u011funu vurgularken de,\u00a0 Suriye&#8217;nin, \u00f6zellikle gerekli hukuki ve yasal ortam a\u00e7\u0131s\u0131ndan, geri d\u00f6n\u00fc\u015fe yard\u0131mc\u0131 olacak prosed\u00fcrlerde \u00f6nemli ilerlemeler kaydetti\u011fini ifade etti.<\/p>\n<p style=\"text-align: justify;\">Bakan Safadi ise \u00dcrd\u00fcn&#8217;\u00fcn Suriyeli m\u00fcltecilerin geri d\u00f6n\u00fc\u015f\u00fc konusunda her t\u00fcrl\u00fc \u00e7abay\u0131 g\u00f6sterdi\u011fini vurgulayarak, \u00fclkesinin genel olarak b\u00f6lgenin yarar\u0131 i\u00e7in Suriye&#8217;de istikrar ve toparlanmaya verdi\u011fi deste\u011fi dile getirdi.<\/p>\n<p style=\"text-align: center;\"><strong><a href=\"https:\/\/t.me\/SuriyeArapHaberAjansI\">Telegram Kanal\u0131m\u0131z\u00a0<\/a><span style=\"color: #ff0000;\">||<\/span><a href=\"https:\/\/twitter.com\/arap_ajans\">X Platformumuz\u00a0<\/a><span style=\"color: #ff0000;\">||<\/span><a href=\"https:\/\/www.facebook.com\/SANAHaberAjansi\/\">Facebook Sayfam\u0131z<\/a><\/strong><\/p>\n","protected":false},"excerpt":{"rendered":"<p>\u015eAM (SANA) &#8211;\u00a0 Cumhurba\u015fkan\u0131 Be\u015f\u015far Esad, \u00dcrd\u00fcn D\u0131\u015fi\u015fleri Bakan\u0131 Eymen Safadi ile bir araya gelerek, kendisiyle iki \u00fclke aras\u0131ndaki ikili ili\u015fkiler, bu ili\u015fkileri geli\u015ftirme yollar\u0131 ve Suriyeli m\u00fcltecilerin geri d\u00f6n\u00fc\u015f\u00fc konusunu ele ald\u0131. Cumhurba\u015fkan\u0131 Esad ayr\u0131ca, Bakan Safadi ile b\u00f6lgedeki g\u00fcncel ve tehlikeli geli\u015fmeleri g\u00f6r\u00fc\u015ft\u00fc. Bakan Safadi, \u00dcrd\u00fcn Ha\u015fimi Krall\u0131\u011f\u0131 Kral\u0131 Kral 2. Abdullah&#8217;tan Suriye&#8217;deki &hellip;<\/p>\n","protected":false},"author":39,"featured_media":310331,"comment_status":"closed","ping_status":"closed","sticky":false,"template":"","format":"standard","meta":{"footnotes":""},"categories":[606,589,605,17988],"tags":[38219,42705,39734,42702],"class_list":["post-310330","post","type-post","status-publish","format-standard","has-post-thumbnail","","category-cumhurbaskani","category-haber-seridi","category-sayin-cumhurbaskani","category-son-haberler","tag-cumhurbaskani-esad","tag-suriyeli-multecilerin-durumu","tag-suriyeli-multecilerin-geri-donusu","tag-urdun-disisleri-bakani-ile-ikili-iliskileri-ve-suriyeli-multecilerin-geri-donus-dosyasini-gorustu"],"_links":{"self":[{"href":"https:\/\/archive.sana.sy\/tr\/index.php?rest_route=\/wp\/v2\/posts\/310330","targetHints":{"allow":["GET"]}}],"collection":[{"href":"https:\/\/archive.sana.sy\/tr\/index.php?rest_route=\/wp\/v2\/posts"}],"about":[{"href":"https:\/\/archive.sana.sy\/tr\/index.php?rest_route=\/wp\/v2\/types\/post"}],"author":[{"embeddable":true,"href":"https:\/\/archive.sana.sy\/tr\/index.php?rest_route=\/wp\/v2\/users\/39"}],"replies":[{"embeddable":true,"href":"https:\/\/archive.sana.sy\/tr\/index.php?rest_route=%2Fwp%2Fv2%2Fcomments&post=310330"}],"version-history":[{"count":2,"href":"https:\/\/archive.sana.sy\/tr\/index.php?rest_route=\/wp\/v2\/posts\/310330\/revisions"}],"predecessor-version":[{"id":310340,"href":"https:\/\/archive.sana.sy\/tr\/index.php?rest_route=\/wp\/v2\/posts\/310330\/revisions\/310340"}],"wp:featuredmedia":[{"embeddable":true,"href":"https:\/\/archive.sana.sy\/tr\/index.php?rest_route=\/wp\/v2\/media\/310331"}],"wp:attachment":[{"href":"https:\/\/archive.sana.sy\/tr\/index.php?rest_route=%2Fwp%2Fv2%2Fmedia&parent=310330"}],"wp:term":[{"taxonomy":"category","embeddable":true,"href":"https:\/\/archive.sana.sy\/tr\/index.php?rest_route=%2Fwp%2Fv2%2Fcategories&post=310330"},{"taxonomy":"post_tag","embeddable":true,"href":"https:\/\/archive.sana.sy\/tr\/index.php?rest_route=%2Fwp%2Fv2%2Ftags&post=310330"}],"curies":[{"name":"wp","href":"https:\/\/api.w.org\/{rel}","templated":true}]}}