{"id":310333,"date":"2024-10-20T15:22:47","date_gmt":"2024-10-20T12:22:47","guid":{"rendered":"https:\/\/sana.sy\/tr\/?p=310333"},"modified":"2024-10-20T15:22:47","modified_gmt":"2024-10-20T12:22:47","slug":"lubnan-direnisi-fuzelerle-cok-sayida-israil-dusman-bolgesini-hedef-aldi","status":"publish","type":"post","link":"https:\/\/archive.sana.sy\/tr\/?p=310333","title":{"rendered":"L\u00fcbnan direni\u015fi F\u00fczelerle \u00c7ok Say\u0131da \u0130srail D\u00fc\u015fman B\u00f6lgesini Hedef Ald\u0131"},"content":{"rendered":"<p style=\"text-align: justify;\"><strong>BEYRUT (SANA) &#8211;<\/strong> Bug\u00fcn L\u00fcbnan direni\u015fi \u0130srail d\u00fc\u015fman kuvvetlerinin bir\u00e7ok noktas\u0131n\u0131 uygun f\u00fcze silahlar\u0131yla hedef ald\u0131.<\/p>\n<p style=\"text-align: justify;\">Direni\u015f yapt\u0131\u011f\u0131 a\u00e7\u0131klamada \u015funlar\u0131 s\u00f6yledi: &#8220;Gazze \u015eeridi&#8217;ndeki kararl\u0131 Filistin halk\u0131m\u0131z\u0131 ve onlar\u0131n yi\u011fit direni\u015fini desteklemek veL\u00fcbnan&#8217;\u0131 ve halk\u0131n\u0131 savunmak i\u00e7in, bu sabah direni\u015f sava\u015f\u00e7\u0131lar\u0131, Ya&#8217;ra yerle\u015fim yerindeki \u0130srail d\u00fc\u015fman g\u00fc\u00e7lerini b\u00fcy\u00fck bir f\u00fcze f\u0131rlat\u0131c\u0131s\u0131yla hedef ald\u0131.&#8221; \u200f<\/p>\n<p style=\"text-align: justify;\">Direni\u015f, di\u011fer a\u00e7\u0131klamas\u0131nda ise f\u00fcze rampalar\u0131yla &#8220;Shlomi&#8221;, &#8220;Yifthah&#8221;, &#8220;Katzrin&#8221;, &#8220;Admit&#8221; ve &#8220;Kiryat Shmona&#8221; yerle\u015fimlerindeki \u0130srail d\u00fc\u015fman g\u00fc\u00e7lerini hedef ald\u0131\u011f\u0131n\u0131 duyurdu.<\/p>\n<p style=\"text-align: justify;\">L\u00fcbnan Direni\u015fi ayr\u0131ca i\u015fgal alt\u0131ndaki L\u00fcbnan&#8217;\u0131n \u015eebaa \u00c7iftlikleri&#8217;ndeki El Sadana b\u00f6lgesinde toplanan d\u00fc\u015fman g\u00fc\u00e7lerini f\u00fczelerle hedef al\u0131rken de, i\u015fgal alt\u0131ndaki Safed kenti ve Safed&#8217;in g\u00fcneydo\u011fusundaki &#8220;Ro\u015f Pina&#8221; yerle\u015fimini f\u00fcze salvosuyla hedef ald\u0131.<\/p>\n<p style=\"text-align: center;\"><strong><a href=\"https:\/\/t.me\/SuriyeArapHaberAjansI\">Telegram Kanal\u0131m\u0131z\u00a0<\/a>||<a href=\"https:\/\/twitter.com\/arap_ajans\">X Platformumuz\u00a0<\/a>||<a href=\"https:\/\/www.facebook.com\/SANAHaberAjansi\/\">Facebook Sayfam\u0131z<\/a><\/strong><\/p>\n","protected":false},"excerpt":{"rendered":"<p>BEYRUT (SANA) &#8211; Bug\u00fcn L\u00fcbnan direni\u015fi \u0130srail d\u00fc\u015fman kuvvetlerinin bir\u00e7ok noktas\u0131n\u0131 uygun f\u00fcze silahlar\u0131yla hedef ald\u0131. Direni\u015f yapt\u0131\u011f\u0131 a\u00e7\u0131klamada \u015funlar\u0131 s\u00f6yledi: &#8220;Gazze \u015eeridi&#8217;ndeki kararl\u0131 Filistin halk\u0131m\u0131z\u0131 ve onlar\u0131n yi\u011fit direni\u015fini desteklemek veL\u00fcbnan&#8217;\u0131 ve halk\u0131n\u0131 savunmak i\u00e7in, bu sabah direni\u015f sava\u015f\u00e7\u0131lar\u0131, Ya&#8217;ra yerle\u015fim yerindeki \u0130srail d\u00fc\u015fman g\u00fc\u00e7lerini b\u00fcy\u00fck bir f\u00fcze f\u0131rlat\u0131c\u0131s\u0131yla hedef ald\u0131.&#8221; \u200f Direni\u015f, di\u011fer &hellip;<\/p>\n","protected":false},"author":41,"featured_media":310334,"comment_status":"closed","ping_status":"closed","sticky":false,"template":"","format":"standard","meta":{"footnotes":""},"categories":[458,589,459,17988],"tags":[],"class_list":["post-310333","post","type-post","status-publish","format-standard","has-post-thumbnail","","category-dunya1","category-haber-seridi","category-haberler-arap-uluslararasi-politika","category-son-haberler"],"_links":{"self":[{"href":"https:\/\/archive.sana.sy\/tr\/index.php?rest_route=\/wp\/v2\/posts\/310333","targetHints":{"allow":["GET"]}}],"collection":[{"href":"https:\/\/archive.sana.sy\/tr\/index.php?rest_route=\/wp\/v2\/posts"}],"about":[{"href":"https:\/\/archive.sana.sy\/tr\/index.php?rest_route=\/wp\/v2\/types\/post"}],"author":[{"embeddable":true,"href":"https:\/\/archive.sana.sy\/tr\/index.php?rest_route=\/wp\/v2\/users\/41"}],"replies":[{"embeddable":true,"href":"https:\/\/archive.sana.sy\/tr\/index.php?rest_route=%2Fwp%2Fv2%2Fcomments&post=310333"}],"version-history":[{"count":2,"href":"https:\/\/archive.sana.sy\/tr\/index.php?rest_route=\/wp\/v2\/posts\/310333\/revisions"}],"predecessor-version":[{"id":310412,"href":"https:\/\/archive.sana.sy\/tr\/index.php?rest_route=\/wp\/v2\/posts\/310333\/revisions\/310412"}],"wp:featuredmedia":[{"embeddable":true,"href":"https:\/\/archive.sana.sy\/tr\/index.php?rest_route=\/wp\/v2\/media\/310334"}],"wp:attachment":[{"href":"https:\/\/archive.sana.sy\/tr\/index.php?rest_route=%2Fwp%2Fv2%2Fmedia&parent=310333"}],"wp:term":[{"taxonomy":"category","embeddable":true,"href":"https:\/\/archive.sana.sy\/tr\/index.php?rest_route=%2Fwp%2Fv2%2Fcategories&post=310333"},{"taxonomy":"post_tag","embeddable":true,"href":"https:\/\/archive.sana.sy\/tr\/index.php?rest_route=%2Fwp%2Fv2%2Ftags&post=310333"}],"curies":[{"name":"wp","href":"https:\/\/api.w.org\/{rel}","templated":true}]}}