{"id":310337,"date":"2024-10-20T14:00:59","date_gmt":"2024-10-20T11:00:59","guid":{"rendered":"https:\/\/sana.sy\/tr\/?p=310337"},"modified":"2024-10-20T16:03:01","modified_gmt":"2024-10-20T13:03:01","slug":"beyit-lahiyadaki-isgal-katliaminda-87-sehit","status":"publish","type":"post","link":"https:\/\/archive.sana.sy\/tr\/?p=310337","title":{"rendered":"Beyit Lahiya&#8217;daki \u0130\u015fgal Katliam\u0131nda 87 \u015eehit"},"content":{"rendered":"<p style=\"text-align: justify;\"><strong>\u0130\u015eGAL ED\u0130LEN KUD\u00dcS (SANA) &#8211;<\/strong>\u00a0 Filistin Sa\u011fl\u0131k Bakanl\u0131\u011f\u0131, d\u00fcn gece Gazze \u015eeridi&#8217;nin kuzeyindeki Beyit Lahiya projesinde i\u015fgalcilerin ger\u00e7ekle\u015ftirdi\u011fi katliamda ma\u011fdur say\u0131s\u0131n\u0131n 87 \u015fehidin, durumlar\u0131 \u00e7ok kritik olanlar da dahil olmak \u00fczere 40&#8217;tan fazla yaral\u0131n\u0131n oldu\u011funu duyurdu.<\/p>\n<p style=\"text-align: justify;\">Bakanl\u0131k bug\u00fcn yapt\u0131\u011f\u0131 a\u00e7\u0131klamada, &#8220;\u0130srail i\u015fgali son 24 saatte Gazze \u015eeridi&#8217;nde 7 katliam ger\u00e7ekle\u015ftirdi, geriye 84 \u015fehit, 158 yaral\u0131 kald\u0131&#8221; dedi.<\/p>\n<p style=\"text-align: justify;\">Bakanl\u0131k a\u00e7\u0131klamas\u0131nda ayr\u0131ca, &#8220;Gazze \u015eeridi&#8217;nde 380&#8217;inci g\u00fcn\u00fcnde devam eden i\u015fgal sald\u0131rganl\u0131\u011f\u0131n\u0131n kurbanlar\u0131n\u0131n say\u0131s\u0131 42 bin 603 \u015fehit ve 99 bin 795 yaral\u0131ya y\u00fckseldi. \u00c7ok say\u0131da ma\u011fdur halen enkaz alt\u0131nda ve yollarda iken, ambulans ve sivil savunma ekipleri onlara ula\u015fam\u0131yor\u201d ifadelerini kulland\u0131.<\/p>\n<p style=\"text-align: center;\"><strong><a href=\"https:\/\/t.me\/SuriyeArapHaberAjansI\">Telegram Kanal\u0131m\u0131z\u00a0<\/a>||<a href=\"https:\/\/twitter.com\/arap_ajans\">X Platformumuz\u00a0<\/a>||<a href=\"https:\/\/www.facebook.com\/SANAHaberAjansi\/\">Facebook Sayfam\u0131z<\/a><\/strong><\/p>\n","protected":false},"excerpt":{"rendered":"<p>\u0130\u015eGAL ED\u0130LEN KUD\u00dcS (SANA) &#8211;\u00a0 Filistin Sa\u011fl\u0131k Bakanl\u0131\u011f\u0131, d\u00fcn gece Gazze \u015eeridi&#8217;nin kuzeyindeki Beyit Lahiya projesinde i\u015fgalcilerin ger\u00e7ekle\u015ftirdi\u011fi katliamda ma\u011fdur say\u0131s\u0131n\u0131n 87 \u015fehidin, durumlar\u0131 \u00e7ok kritik olanlar da dahil olmak \u00fczere 40&#8217;tan fazla yaral\u0131n\u0131n oldu\u011funu duyurdu. Bakanl\u0131k bug\u00fcn yapt\u0131\u011f\u0131 a\u00e7\u0131klamada, &#8220;\u0130srail i\u015fgali son 24 saatte Gazze \u015eeridi&#8217;nde 7 katliam ger\u00e7ekle\u015ftirdi, geriye 84 \u015fehit, 158 yaral\u0131 &hellip;<\/p>\n","protected":false},"author":41,"featured_media":310338,"comment_status":"closed","ping_status":"closed","sticky":false,"template":"","format":"standard","meta":{"footnotes":""},"categories":[458,589,459,17988],"tags":[42704],"class_list":["post-310337","post","type-post","status-publish","format-standard","has-post-thumbnail","","category-dunya1","category-haber-seridi","category-haberler-arap-uluslararasi-politika","category-son-haberler","tag-beyit-lahiyadaki-isgal-katliaminda-87-sehit"],"_links":{"self":[{"href":"https:\/\/archive.sana.sy\/tr\/index.php?rest_route=\/wp\/v2\/posts\/310337","targetHints":{"allow":["GET"]}}],"collection":[{"href":"https:\/\/archive.sana.sy\/tr\/index.php?rest_route=\/wp\/v2\/posts"}],"about":[{"href":"https:\/\/archive.sana.sy\/tr\/index.php?rest_route=\/wp\/v2\/types\/post"}],"author":[{"embeddable":true,"href":"https:\/\/archive.sana.sy\/tr\/index.php?rest_route=\/wp\/v2\/users\/41"}],"replies":[{"embeddable":true,"href":"https:\/\/archive.sana.sy\/tr\/index.php?rest_route=%2Fwp%2Fv2%2Fcomments&post=310337"}],"version-history":[{"count":1,"href":"https:\/\/archive.sana.sy\/tr\/index.php?rest_route=\/wp\/v2\/posts\/310337\/revisions"}],"predecessor-version":[{"id":310339,"href":"https:\/\/archive.sana.sy\/tr\/index.php?rest_route=\/wp\/v2\/posts\/310337\/revisions\/310339"}],"wp:featuredmedia":[{"embeddable":true,"href":"https:\/\/archive.sana.sy\/tr\/index.php?rest_route=\/wp\/v2\/media\/310338"}],"wp:attachment":[{"href":"https:\/\/archive.sana.sy\/tr\/index.php?rest_route=%2Fwp%2Fv2%2Fmedia&parent=310337"}],"wp:term":[{"taxonomy":"category","embeddable":true,"href":"https:\/\/archive.sana.sy\/tr\/index.php?rest_route=%2Fwp%2Fv2%2Fcategories&post=310337"},{"taxonomy":"post_tag","embeddable":true,"href":"https:\/\/archive.sana.sy\/tr\/index.php?rest_route=%2Fwp%2Fv2%2Ftags&post=310337"}],"curies":[{"name":"wp","href":"https:\/\/api.w.org\/{rel}","templated":true}]}}