{"id":310341,"date":"2024-10-20T17:19:42","date_gmt":"2024-10-20T14:19:42","guid":{"rendered":"https:\/\/sana.sy\/tr\/?p=310341"},"modified":"2024-10-20T17:25:36","modified_gmt":"2024-10-20T14:25:36","slug":"bae-ve-suriye-kizilayi-tarafindan-saglanan-yardimlar-lubnandan-gelenlere-dagitildi","status":"publish","type":"post","link":"https:\/\/archive.sana.sy\/tr\/?p=310341","title":{"rendered":"BAE ve Suriye K\u0131z\u0131lay\u0131 Taraf\u0131ndan Sa\u011flanan Yard\u0131mlar L\u00fcbnan&#8217;dan Gelenlere Da\u011f\u0131t\u0131ld\u0131"},"content":{"rendered":"<p style=\"text-align: justify;\"><strong>\u015eAM KIRSALI (SANA) &#8211;<\/strong> BAE K\u0131z\u0131lay\u0131, Suriye K\u0131z\u0131lay\u0131 \u00d6rg\u00fct\u00fc ile i\u015fbirli\u011fi i\u00e7inde, L\u00fcbnan&#8217;dan gelenlere Birle\u015fik Arap Emirlikleri taraf\u0131ndan sa\u011flanan, Caramana \u015fehrinde ve Hircelle bar\u0131nak merkezinde giyim ve yiyecek de dahil olmak \u00fczere yard\u0131m yard\u0131m\u0131 da\u011f\u0131tt\u0131.<\/p>\n<p style=\"text-align: justify;\">Hircelle belediye meclisi ba\u015fkan\u0131 ve bar\u0131nma merkezi m\u00fcd\u00fcr\u00fc Abdulnaser El Hatib, SANA&#8217;ya yapt\u0131\u011f\u0131 a\u00e7\u0131klamada, L\u00fcbnan&#8217;dan merkeze gelen aile say\u0131s\u0131n\u0131n bug\u00fcne kadar yakla\u015f\u0131k 1000 ki\u015fi olmak \u00fczere 257 aileye ula\u015ft\u0131\u011f\u0131n\u0131 belirtirken,\u00a0\u015eam k\u0131rsal valili\u011fi, yerel topluluklar ve sivil derneklerle i\u015fbirli\u011fi i\u00e7inde merkeze geldikleri andan itibaren gurbet\u00e7i ailelere t\u00fcm hizmetlerin ve ihtiya\u00e7lar\u0131n sa\u011fland\u0131\u011f\u0131na dikkat \u00e7ekti.<\/p>\n<p style=\"text-align: justify;\">Baz\u0131 gurbet\u00e7iler, ac\u0131n\u0131n y\u00fck\u00fcn\u00fc hafifletmek ve acil ihtiya\u00e7lar\u0131 kar\u015f\u0131lamak i\u00e7in m\u00fcmk\u00fcn olan her t\u00fcrl\u00fc insani yard\u0131m\u0131 sa\u011flad\u0131klar\u0131 i\u00e7in Suriye ve BAE&#8217;ye takdir ve \u015f\u00fckran duygular\u0131n\u0131 dile getirdi.<\/p>\n<p style=\"text-align: center;\"><strong><a href=\"https:\/\/t.me\/SuriyeArapHaberAjansI\">Telegram Kanal\u0131m\u0131z\u00a0<\/a>||<a href=\"https:\/\/twitter.com\/arap_ajans\">X Platformumuz\u00a0<\/a>||<a href=\"https:\/\/www.facebook.com\/SANAHaberAjansi\/\">Facebook Sayfam\u0131z<\/a><\/strong><\/p>\n<div id='gallery-1' class='gallery galleryid-310341 gallery-columns-3 gallery-size-thumbnail'><figure class='gallery-item'>\n\t\t\t<div class='gallery-icon landscape'>\n\t\t\t\t<a href='https:\/\/archive.sana.sy\/tr\/?attachment_id=310342'><img loading=\"lazy\" decoding=\"async\" width=\"150\" height=\"150\" src=\"https:\/\/archive.sana.sy\/tr\/wp-content\/uploads\/2024\/10\/4-7-150x150.jpg\" class=\"attachment-thumbnail size-thumbnail\" alt=\"\" \/><\/a>\n\t\t\t<\/div><\/figure><figure class='gallery-item'>\n\t\t\t<div class='gallery-icon landscape'>\n\t\t\t\t<a href='https:\/\/archive.sana.sy\/tr\/?attachment_id=310343'><img loading=\"lazy\" decoding=\"async\" width=\"150\" height=\"150\" src=\"https:\/\/archive.sana.sy\/tr\/wp-content\/uploads\/2024\/10\/5-3-150x150.jpg\" class=\"attachment-thumbnail size-thumbnail\" alt=\"\" \/><\/a>\n\t\t\t<\/div><\/figure><figure class='gallery-item'>\n\t\t\t<div class='gallery-icon landscape'>\n\t\t\t\t<a href='https:\/\/archive.sana.sy\/tr\/?attachment_id=310344'><img loading=\"lazy\" decoding=\"async\" width=\"150\" height=\"150\" src=\"https:\/\/archive.sana.sy\/tr\/wp-content\/uploads\/2024\/10\/3-9-150x150.jpg\" class=\"attachment-thumbnail size-thumbnail\" alt=\"\" \/><\/a>\n\t\t\t<\/div><\/figure><figure class='gallery-item'>\n\t\t\t<div class='gallery-icon landscape'>\n\t\t\t\t<a href='https:\/\/archive.sana.sy\/tr\/?attachment_id=310345'><img loading=\"lazy\" decoding=\"async\" width=\"150\" height=\"150\" src=\"https:\/\/archive.sana.sy\/tr\/wp-content\/uploads\/2024\/10\/1-13-150x150.jpg\" class=\"attachment-thumbnail size-thumbnail\" alt=\"\" \/><\/a>\n\t\t\t<\/div><\/figure><figure class='gallery-item'>\n\t\t\t<div class='gallery-icon landscape'>\n\t\t\t\t<a href='https:\/\/archive.sana.sy\/tr\/?attachment_id=310346'><img loading=\"lazy\" decoding=\"async\" width=\"150\" height=\"150\" src=\"https:\/\/archive.sana.sy\/tr\/wp-content\/uploads\/2024\/10\/6-1-150x150.jpg\" class=\"attachment-thumbnail size-thumbnail\" alt=\"\" \/><\/a>\n\t\t\t<\/div><\/figure><figure class='gallery-item'>\n\t\t\t<div class='gallery-icon landscape'>\n\t\t\t\t<a href='https:\/\/archive.sana.sy\/tr\/?attachment_id=310347'><img loading=\"lazy\" decoding=\"async\" width=\"150\" height=\"150\" src=\"https:\/\/archive.sana.sy\/tr\/wp-content\/uploads\/2024\/10\/2-10-150x150.jpg\" class=\"attachment-thumbnail size-thumbnail\" alt=\"\" \/><\/a>\n\t\t\t<\/div><\/figure>\n\t\t<\/div>\n\n","protected":false},"excerpt":{"rendered":"<p>\u015eAM KIRSALI (SANA) &#8211; BAE K\u0131z\u0131lay\u0131, Suriye K\u0131z\u0131lay\u0131 \u00d6rg\u00fct\u00fc ile i\u015fbirli\u011fi i\u00e7inde, L\u00fcbnan&#8217;dan gelenlere Birle\u015fik Arap Emirlikleri taraf\u0131ndan sa\u011flanan, Caramana \u015fehrinde ve Hircelle bar\u0131nak merkezinde giyim ve yiyecek de dahil olmak \u00fczere yard\u0131m yard\u0131m\u0131 da\u011f\u0131tt\u0131. Hircelle belediye meclisi ba\u015fkan\u0131 ve bar\u0131nma merkezi m\u00fcd\u00fcr\u00fc Abdulnaser El Hatib, SANA&#8217;ya yapt\u0131\u011f\u0131 a\u00e7\u0131klamada, L\u00fcbnan&#8217;dan merkeze gelen aile say\u0131s\u0131n\u0131n bug\u00fcne &hellip;<\/p>\n","protected":false},"author":41,"featured_media":310349,"comment_status":"closed","ping_status":"closed","sticky":false,"template":"","format":"standard","meta":{"footnotes":""},"categories":[589,479,17988,478],"tags":[],"class_list":["post-310341","post","type-post","status-publish","format-standard","has-post-thumbnail","","category-haber-seridi","category-haberler-yerel","category-son-haberler","category-yerel"],"_links":{"self":[{"href":"https:\/\/archive.sana.sy\/tr\/index.php?rest_route=\/wp\/v2\/posts\/310341","targetHints":{"allow":["GET"]}}],"collection":[{"href":"https:\/\/archive.sana.sy\/tr\/index.php?rest_route=\/wp\/v2\/posts"}],"about":[{"href":"https:\/\/archive.sana.sy\/tr\/index.php?rest_route=\/wp\/v2\/types\/post"}],"author":[{"embeddable":true,"href":"https:\/\/archive.sana.sy\/tr\/index.php?rest_route=\/wp\/v2\/users\/41"}],"replies":[{"embeddable":true,"href":"https:\/\/archive.sana.sy\/tr\/index.php?rest_route=%2Fwp%2Fv2%2Fcomments&post=310341"}],"version-history":[{"count":1,"href":"https:\/\/archive.sana.sy\/tr\/index.php?rest_route=\/wp\/v2\/posts\/310341\/revisions"}],"predecessor-version":[{"id":310348,"href":"https:\/\/archive.sana.sy\/tr\/index.php?rest_route=\/wp\/v2\/posts\/310341\/revisions\/310348"}],"wp:featuredmedia":[{"embeddable":true,"href":"https:\/\/archive.sana.sy\/tr\/index.php?rest_route=\/wp\/v2\/media\/310349"}],"wp:attachment":[{"href":"https:\/\/archive.sana.sy\/tr\/index.php?rest_route=%2Fwp%2Fv2%2Fmedia&parent=310341"}],"wp:term":[{"taxonomy":"category","embeddable":true,"href":"https:\/\/archive.sana.sy\/tr\/index.php?rest_route=%2Fwp%2Fv2%2Fcategories&post=310341"},{"taxonomy":"post_tag","embeddable":true,"href":"https:\/\/archive.sana.sy\/tr\/index.php?rest_route=%2Fwp%2Fv2%2Ftags&post=310341"}],"curies":[{"name":"wp","href":"https:\/\/api.w.org\/{rel}","templated":true}]}}