{"id":310350,"date":"2024-10-21T09:08:20","date_gmt":"2024-10-21T06:08:20","guid":{"rendered":"https:\/\/sana.sy\/tr\/?p=310350"},"modified":"2024-10-21T17:52:59","modified_gmt":"2024-10-21T14:52:59","slug":"tarim-bakani-belarus-buyukelcisi-ile-tarim-alaninda-isbirligi-iliskilerini-gorustu","status":"publish","type":"post","link":"https:\/\/archive.sana.sy\/tr\/?p=310350","title":{"rendered":"Tar\u0131m Bakan\u0131, Belarus B\u00fcy\u00fckel\u00e7isi \u0130le Tar\u0131m Alan\u0131nda \u0130\u015fbirli\u011fi \u0130li\u015fkilerini G\u00f6r\u00fc\u015ft\u00fc"},"content":{"rendered":"<p style=\"text-align: justify;\"><strong>\u015eAM (SANA) \u2013<\/strong> Tar\u0131m ve Tar\u0131m Reformu Bakan\u0131 Fayiz Mikdad, Belarus Cumhuriyeti&#8217;nin \u015eam&#8217;daki Ola\u011fan\u00fcst\u00fc ve Tam Yetkili B\u00fcy\u00fckel\u00e7isi Yuri Sluka ve beraberindeki heyetle, iki \u00fclke aras\u0131nda tar\u0131m alan\u0131nda i\u015f birli\u011fi ili\u015fkileri ve bunlar\u0131 geli\u015ftirmenin yollar\u0131n\u0131 g\u00f6r\u00fc\u015ft\u00fc.<\/p>\n<p style=\"text-align: justify;\">Tar\u0131m Bakan\u0131 Mikdad, bitki ve veteriner karantinas\u0131 ba\u015fta olmak \u00fczere tar\u0131m alan\u0131nda, g\u0131da end\u00fcstrilerinde iki taraf aras\u0131nda imzalanan anla\u015fmalar\u0131 ve bunlar\u0131n y\u00fcr\u00fctme programlar\u0131n\u0131 a\u00e7\u0131klayarak, g\u00fcbre ihtiyac\u0131n\u0131n istikrarl\u0131 ve uzun vadeli olarak kar\u015f\u0131lanabilece\u011fi bir mutabakat zapt\u0131 imzalanmas\u0131 ve ihracata veya takasa sunulacak \u00fcr\u00fcnleri belirleyen belirli bir programa g\u00f6re \u00fcr\u00fcn de\u011fi\u015fim \u015fekillerini belirlemek \u00fczere her iki taraftan da teknik komiteler olu\u015fturulmas\u0131n\u0131n gereklili\u011fine dikkat \u00e7ekti.<\/p>\n<p style=\"text-align: justify;\">Kendi y\u00f6n\u00fcnden b\u00fcy\u00fckel\u00e7i Sluka ise, \u00fclkesinin h\u00fck\u00fcmetine sunulan fikirleri aktarmaya haz\u0131r oldu\u011funu ifade ederek, ticari al\u0131\u015fveri\u015fe a\u00e7\u0131k \u00fcr\u00fcnlerin bir listesinin belirlenmesinin, teknik ekiplerin olu\u015fturulmas\u0131n\u0131n ve toplant\u0131lar\u0131n\u0131n m\u00fcmk\u00fcn olan en k\u0131sa s\u00fcrede ger\u00e7ekle\u015ftirilmesinin, i\u015fbirli\u011fi i\u00e7in net bir form\u00fcl geli\u015ftirilmesinin \u00f6nemine dikkat \u00e7ekti.<\/p>\n<p style=\"text-align: center;\"><strong><a href=\"https:\/\/t.me\/SuriyeArapHaberAjansI\">Telegram Kanal\u0131m\u0131z\u00a0<\/a>||<a href=\"https:\/\/twitter.com\/arap_ajans\">X Platformumuz\u00a0<\/a>||<a href=\"https:\/\/www.facebook.com\/SANAHaberAjansi\/\">Facebook Sayfam\u0131z<\/a><\/strong><\/p>\n<div id='gallery-1' class='gallery galleryid-310350 gallery-columns-2 gallery-size-full'><figure class='gallery-item'>\n\t\t\t<div class='gallery-icon landscape'>\n\t\t\t\t<a href='https:\/\/archive.sana.sy\/tr\/wp-content\/uploads\/2024\/10\/photo_2024-10-20_19-25-46-copy.jpg'><img loading=\"lazy\" decoding=\"async\" width=\"660\" height=\"440\" src=\"https:\/\/archive.sana.sy\/tr\/wp-content\/uploads\/2024\/10\/photo_2024-10-20_19-25-46-copy.jpg\" class=\"attachment-full size-full\" alt=\"\" srcset=\"https:\/\/archive.sana.sy\/tr\/wp-content\/uploads\/2024\/10\/photo_2024-10-20_19-25-46-copy.jpg 660w, https:\/\/archive.sana.sy\/tr\/wp-content\/uploads\/2024\/10\/photo_2024-10-20_19-25-46-copy-300x200.jpg 300w\" sizes=\"auto, (max-width: 660px) 100vw, 660px\" \/><\/a>\n\t\t\t<\/div><\/figure><figure class='gallery-item'>\n\t\t\t<div class='gallery-icon landscape'>\n\t\t\t\t<a href='https:\/\/archive.sana.sy\/tr\/wp-content\/uploads\/2024\/10\/photo_2024-10-20_19-25-45-copy.jpg'><img loading=\"lazy\" decoding=\"async\" width=\"660\" height=\"440\" src=\"https:\/\/archive.sana.sy\/tr\/wp-content\/uploads\/2024\/10\/photo_2024-10-20_19-25-45-copy.jpg\" class=\"attachment-full size-full\" alt=\"\" srcset=\"https:\/\/archive.sana.sy\/tr\/wp-content\/uploads\/2024\/10\/photo_2024-10-20_19-25-45-copy.jpg 660w, https:\/\/archive.sana.sy\/tr\/wp-content\/uploads\/2024\/10\/photo_2024-10-20_19-25-45-copy-300x200.jpg 300w\" sizes=\"auto, (max-width: 660px) 100vw, 660px\" \/><\/a>\n\t\t\t<\/div><\/figure>\n\t\t<\/div>\n\n","protected":false},"excerpt":{"rendered":"<p>\u015eAM (SANA) \u2013 Tar\u0131m ve Tar\u0131m Reformu Bakan\u0131 Fayiz Mikdad, Belarus Cumhuriyeti&#8217;nin \u015eam&#8217;daki Ola\u011fan\u00fcst\u00fc ve Tam Yetkili B\u00fcy\u00fckel\u00e7isi Yuri Sluka ve beraberindeki heyetle, iki \u00fclke aras\u0131nda tar\u0131m alan\u0131nda i\u015f birli\u011fi ili\u015fkileri ve bunlar\u0131 geli\u015ftirmenin yollar\u0131n\u0131 g\u00f6r\u00fc\u015ft\u00fc. Tar\u0131m Bakan\u0131 Mikdad, bitki ve veteriner karantinas\u0131 ba\u015fta olmak \u00fczere tar\u0131m alan\u0131nda, g\u0131da end\u00fcstrilerinde iki taraf aras\u0131nda imzalanan anla\u015fmalar\u0131 &hellip;<\/p>\n","protected":false},"author":39,"featured_media":310351,"comment_status":"closed","ping_status":"closed","sticky":false,"template":"","format":"standard","meta":{"footnotes":""},"categories":[485,589,486,479,17988,478],"tags":[42710,19043,24911,22468],"class_list":["post-310350","post","type-post","status-publish","format-standard","has-post-thumbnail","","category-is-ve-sermaye","category-haber-seridi","category-haberler-is-ve-sermaye","category-haberler-yerel","category-son-haberler","category-yerel","tag-belarus-buyukelcisi-ile-tarim-alaninda-isbirligi-iliskilerini-gorustu","tag-suriyede-son-durum","tag-suriyede-son-gelismeler","tag-tarim-bakani"],"_links":{"self":[{"href":"https:\/\/archive.sana.sy\/tr\/index.php?rest_route=\/wp\/v2\/posts\/310350","targetHints":{"allow":["GET"]}}],"collection":[{"href":"https:\/\/archive.sana.sy\/tr\/index.php?rest_route=\/wp\/v2\/posts"}],"about":[{"href":"https:\/\/archive.sana.sy\/tr\/index.php?rest_route=\/wp\/v2\/types\/post"}],"author":[{"embeddable":true,"href":"https:\/\/archive.sana.sy\/tr\/index.php?rest_route=\/wp\/v2\/users\/39"}],"replies":[{"embeddable":true,"href":"https:\/\/archive.sana.sy\/tr\/index.php?rest_route=%2Fwp%2Fv2%2Fcomments&post=310350"}],"version-history":[{"count":4,"href":"https:\/\/archive.sana.sy\/tr\/index.php?rest_route=\/wp\/v2\/posts\/310350\/revisions"}],"predecessor-version":[{"id":310394,"href":"https:\/\/archive.sana.sy\/tr\/index.php?rest_route=\/wp\/v2\/posts\/310350\/revisions\/310394"}],"wp:featuredmedia":[{"embeddable":true,"href":"https:\/\/archive.sana.sy\/tr\/index.php?rest_route=\/wp\/v2\/media\/310351"}],"wp:attachment":[{"href":"https:\/\/archive.sana.sy\/tr\/index.php?rest_route=%2Fwp%2Fv2%2Fmedia&parent=310350"}],"wp:term":[{"taxonomy":"category","embeddable":true,"href":"https:\/\/archive.sana.sy\/tr\/index.php?rest_route=%2Fwp%2Fv2%2Fcategories&post=310350"},{"taxonomy":"post_tag","embeddable":true,"href":"https:\/\/archive.sana.sy\/tr\/index.php?rest_route=%2Fwp%2Fv2%2Ftags&post=310350"}],"curies":[{"name":"wp","href":"https:\/\/api.w.org\/{rel}","templated":true}]}}