{"id":310359,"date":"2024-10-21T09:59:08","date_gmt":"2024-10-21T06:59:08","guid":{"rendered":"https:\/\/sana.sy\/tr\/?p=310359"},"modified":"2024-10-21T10:57:07","modified_gmt":"2024-10-21T07:57:07","slug":"ticari-isbirligini-tesvik-etmek-ve-filistin-ve-lubnandaki-kardesleri-desteklemek-icin-suriye-irak-gorusmeleri","status":"publish","type":"post","link":"https:\/\/archive.sana.sy\/tr\/?p=310359","title":{"rendered":"Ticari \u0130\u015fbirli\u011fini Te\u015fvik Etmek Ve Filistin Ve L\u00fcbnan&#8217;daki Karde\u015fleri Desteklemek \u0130\u00e7in Suriye-Irak G\u00f6r\u00fc\u015fmeleri"},"content":{"rendered":"<p style=\"text-align: justify;\"><strong>BA\u011eDAT (SANA) \u2013<\/strong> Suriye\u2019nin Ba\u011fdat B\u00fcy\u00fckel\u00e7isi Sattam Cadaan Dandah ve Irak Ticaret Bakan\u0131 Asir Daud El \u011eurairi, ticaret alan\u0131nda Suriye-Irak i\u015fbirli\u011fini canland\u0131rman\u0131n ve Filistin ve L\u00fcbnan\u2019daki karde\u015fleri destekleme \u00e7abalar\u0131n\u0131 koordine etmenin yollar\u0131n\u0131 g\u00f6r\u00fc\u015ft\u00fc.<\/p>\n<p style=\"text-align: justify;\">B\u00fcy\u00fckel\u00e7i Dandah, toplant\u0131n\u0131n Suriye ve Irak halklar\u0131n\u0131 bir araya getiren tarihi ba\u011flar\u0131n derinli\u011fini, ikili ili\u015fkilerin d\u00fczeyinin y\u00fckseltilmesinin ve mekanizmalar\u0131n\u0131n iki karde\u015f halka hizmet edecek ve L\u00fcbnan ve Filistin&#8217;deki karde\u015flerimize y\u00f6nelik Siyonist sald\u0131rganl\u0131\u011f\u0131n cayd\u0131r\u0131lmas\u0131 da dahil olmak \u00fczere \u00f6nemli konulardaki ortak hedeflerini g\u00fc\u00e7lendirecek \u015fekilde geli\u015ftirilmesinin \u00f6neminin vurguland\u0131\u011f\u0131n\u0131 belirtti.<\/p>\n<p style=\"text-align: justify;\">Dandah ayr\u0131ca, karde\u015f Irak halk\u0131n\u0131n ve h\u00fck\u00fcmetinin uluslararas\u0131 forumlarda Suriye&#8217;yi destekleme, deprem felaketinden etkilenen Suriyelileri destekleme ve Siyonist d\u00fc\u015fman\u0131n karde\u015f L\u00fcbnan&#8217;a yapt\u0131\u011f\u0131 g\u00fcnahkar sald\u0131r\u0131n\u0131n ard\u0131ndan yerinden edilmi\u015f L\u00fcbnanl\u0131lar\u0131 ve Suriyelileri destekleme konusundaki tutumlar\u0131n\u0131 \u00f6vd\u00fc.<\/p>\n<p style=\"text-align: justify;\">B\u00fcy\u00fckel\u00e7i Dandah, iki taraf\u0131n ticari al\u0131\u015fveri\u015fin seviyesini y\u00fckseltme, t\u00fcm engelleri a\u015fma ve uluslararas\u0131 sergilerin d\u00fczenlenmesine kat\u0131l\u0131m\u0131 geni\u015fletme konusundaki kararl\u0131l\u0131\u011f\u0131n\u0131 vurgulayarak, Suriye-Irak Ortak Komitesi toplant\u0131lar\u0131 taraf\u0131ndan yay\u0131nlanan anla\u015fmalar\u0131n etkinle\u015ftirilmesinin \u00f6nemine i\u015faret etti.<\/p>\n<p style=\"text-align: justify;\">Kendi y\u00f6n\u00fcnden El \u011eurairi ise, Irak h\u00fck\u00fcmetinin L\u00fcbnan ve Filistin&#8217;deki karde\u015flere yard\u0131m g\u00f6nderme konusundaki isteklili\u011fini, Suriye h\u00fck\u00fcmetinin onlara ev sahipli\u011fi yapmas\u0131 ve yard\u0131m g\u00f6nderme organizasyonunu h\u0131zl\u0131 bir \u015fekilde y\u00f6nlendirmesi konusunda destek verme konusundaki isteklili\u011fini vurgulad\u0131.<\/p>\n<p style=\"text-align: justify;\">Bakan\u0131 El \u011eurairi, Irak&#8217;\u0131n Suriye&#8217;nin istikrar\u0131 sa\u011flamas\u0131 ve mevcut krizden \u00e7\u0131kmas\u0131 i\u00e7in destekledi\u011fine i\u015faret ederek, L\u00fcbnan ve Filistin&#8217;in kar\u015f\u0131 kar\u015f\u0131ya oldu\u011fu mevcut krizler \u0131\u015f\u0131\u011f\u0131nda, en \u00e7ok ihtiya\u00e7 duyan b\u00f6lgelere insani yard\u0131m\u0131n etkili bir \u015fekilde ula\u015fmas\u0131n\u0131 sa\u011flamaya y\u00f6nelik \u00e7abalar\u0131 koordine etmenin \u00f6nemini vurgulad\u0131.<\/p>\n<p style=\"text-align: center;\"><strong><a href=\"https:\/\/t.me\/SuriyeArapHaberAjansI\">Telegram Kanal\u0131m\u0131z\u00a0<\/a>||<a href=\"https:\/\/twitter.com\/arap_ajans\">X Platformumuz\u00a0<\/a>||<a href=\"https:\/\/www.facebook.com\/SANAHaberAjansi\/\">Facebook Sayfam\u0131z<\/a><\/strong><\/p>\n","protected":false},"excerpt":{"rendered":"<p>BA\u011eDAT (SANA) \u2013 Suriye\u2019nin Ba\u011fdat B\u00fcy\u00fckel\u00e7isi Sattam Cadaan Dandah ve Irak Ticaret Bakan\u0131 Asir Daud El \u011eurairi, ticaret alan\u0131nda Suriye-Irak i\u015fbirli\u011fini canland\u0131rman\u0131n ve Filistin ve L\u00fcbnan\u2019daki karde\u015fleri destekleme \u00e7abalar\u0131n\u0131 koordine etmenin yollar\u0131n\u0131 g\u00f6r\u00fc\u015ft\u00fc. B\u00fcy\u00fckel\u00e7i Dandah, toplant\u0131n\u0131n Suriye ve Irak halklar\u0131n\u0131 bir araya getiren tarihi ba\u011flar\u0131n derinli\u011fini, ikili ili\u015fkilerin d\u00fczeyinin y\u00fckseltilmesinin ve mekanizmalar\u0131n\u0131n iki karde\u015f halka &hellip;<\/p>\n","protected":false},"author":39,"featured_media":310360,"comment_status":"closed","ping_status":"closed","sticky":false,"template":"","format":"standard","meta":{"footnotes":""},"categories":[458,589,459,17988],"tags":[],"class_list":["post-310359","post","type-post","status-publish","format-standard","has-post-thumbnail","","category-dunya1","category-haber-seridi","category-haberler-arap-uluslararasi-politika","category-son-haberler"],"_links":{"self":[{"href":"https:\/\/archive.sana.sy\/tr\/index.php?rest_route=\/wp\/v2\/posts\/310359","targetHints":{"allow":["GET"]}}],"collection":[{"href":"https:\/\/archive.sana.sy\/tr\/index.php?rest_route=\/wp\/v2\/posts"}],"about":[{"href":"https:\/\/archive.sana.sy\/tr\/index.php?rest_route=\/wp\/v2\/types\/post"}],"author":[{"embeddable":true,"href":"https:\/\/archive.sana.sy\/tr\/index.php?rest_route=\/wp\/v2\/users\/39"}],"replies":[{"embeddable":true,"href":"https:\/\/archive.sana.sy\/tr\/index.php?rest_route=%2Fwp%2Fv2%2Fcomments&post=310359"}],"version-history":[{"count":5,"href":"https:\/\/archive.sana.sy\/tr\/index.php?rest_route=\/wp\/v2\/posts\/310359\/revisions"}],"predecessor-version":[{"id":310365,"href":"https:\/\/archive.sana.sy\/tr\/index.php?rest_route=\/wp\/v2\/posts\/310359\/revisions\/310365"}],"wp:featuredmedia":[{"embeddable":true,"href":"https:\/\/archive.sana.sy\/tr\/index.php?rest_route=\/wp\/v2\/media\/310360"}],"wp:attachment":[{"href":"https:\/\/archive.sana.sy\/tr\/index.php?rest_route=%2Fwp%2Fv2%2Fmedia&parent=310359"}],"wp:term":[{"taxonomy":"category","embeddable":true,"href":"https:\/\/archive.sana.sy\/tr\/index.php?rest_route=%2Fwp%2Fv2%2Fcategories&post=310359"},{"taxonomy":"post_tag","embeddable":true,"href":"https:\/\/archive.sana.sy\/tr\/index.php?rest_route=%2Fwp%2Fv2%2Ftags&post=310359"}],"curies":[{"name":"wp","href":"https:\/\/api.w.org\/{rel}","templated":true}]}}