{"id":310366,"date":"2024-10-21T11:26:13","date_gmt":"2024-10-21T08:26:13","guid":{"rendered":"https:\/\/sana.sy\/tr\/?p=310366"},"modified":"2024-10-21T17:55:05","modified_gmt":"2024-10-21T14:55:05","slug":"israilin-lubnanin-baalbek-kentine-duzenledigi-hava-saldirganliginda-sehitler-ve-yaralilar","status":"publish","type":"post","link":"https:\/\/archive.sana.sy\/tr\/?p=310366","title":{"rendered":"\u0130srail&#8217;in L\u00fcbnan&#8217;\u0131n Baalbek Kentine D\u00fczenledi\u011fi Hava Sald\u0131rganl\u0131\u011f\u0131nda \u015eehit Ve Yaral\u0131lar"},"content":{"rendered":"<p style=\"text-align: justify;\"><strong>BEYRUT (SANA) \u2013<\/strong> D\u00fc\u015fman \u0130srail L\u00fcbnan&#8217;a y\u00f6nelik sald\u0131rganl\u0131klar\u0131n\u0131 s\u00fcrd\u00fcr\u00fcrken, \u0130srail&#8217;in Baalbek kentinin yo\u011fun n\u00fcfuslu Nabi \u0130naam mahallesinde bir evi iki f\u00fczeyle bombalamas\u0131 sonucu \u00e7ok say\u0131da ki\u015fi \u015fehit d\u00fc\u015f\u00fc, \u00e7ok say\u0131da ki\u015fi de yaraland\u0131.<\/p>\n<p style=\"text-align: justify;\">D\u00fc\u015fman \u0130srail u\u00e7aklar\u0131 gece saatlerinde, sur kentindeki &#8221;El Kard El Hasan&#8221; binas\u0131na hava sald\u0131rganl\u0131\u011f\u0131 d\u00fczenleyerek binay\u0131 imha etti ve \u00e7evredeki d\u00fczinelerce evde b\u00fcy\u00fck maddi hasara yol a\u00e7t\u0131. Ayr\u0131ca hedeflenen binada bulunan &#8220;Savt El Farah&#8221; Radyosu da a\u011f\u0131r hasar g\u00f6rd\u00fc.<\/p>\n<p style=\"text-align: justify;\">Sald\u0131rganl\u0131klar ayr\u0131ca Srifa, Bari\u015f, Maarakeh, Ayta \u015eaab, El Huvv\u015f, Masakin El \u015eabiyeh, Ramadiyh, Batuliyh, El Kalilah ve Maarub kasabalar\u0131na da geceleri devam etti.<\/p>\n<p style=\"text-align: center;\">D\u00fc\u015fman g\u00fc\u00e7leri \u015fafak vakti, Ramiya, Ayta \u015eaab ve Nakura kasabalar\u0131na a\u011f\u0131r top mermileri att\u0131.<br \/>\n<strong><a href=\"https:\/\/t.me\/SuriyeArapHaberAjansI\">Telegram Kanal\u0131m\u0131z\u00a0<\/a>||<a href=\"https:\/\/twitter.com\/arap_ajans\">X Platformumuz\u00a0<\/a>||<a href=\"https:\/\/www.facebook.com\/SANAHaberAjansi\/\">Facebook Sayfam\u0131z<\/a><\/strong><\/p>\n","protected":false},"excerpt":{"rendered":"<p>BEYRUT (SANA) \u2013 D\u00fc\u015fman \u0130srail L\u00fcbnan&#8217;a y\u00f6nelik sald\u0131rganl\u0131klar\u0131n\u0131 s\u00fcrd\u00fcr\u00fcrken, \u0130srail&#8217;in Baalbek kentinin yo\u011fun n\u00fcfuslu Nabi \u0130naam mahallesinde bir evi iki f\u00fczeyle bombalamas\u0131 sonucu \u00e7ok say\u0131da ki\u015fi \u015fehit d\u00fc\u015f\u00fc, \u00e7ok say\u0131da ki\u015fi de yaraland\u0131. D\u00fc\u015fman \u0130srail u\u00e7aklar\u0131 gece saatlerinde, sur kentindeki &#8221;El Kard El Hasan&#8221; binas\u0131na hava sald\u0131rganl\u0131\u011f\u0131 d\u00fczenleyerek binay\u0131 imha etti ve \u00e7evredeki d\u00fczinelerce evde &hellip;<\/p>\n","protected":false},"author":39,"featured_media":310369,"comment_status":"closed","ping_status":"closed","sticky":false,"template":"","format":"standard","meta":{"footnotes":""},"categories":[458,589,459,17988],"tags":[42711],"class_list":["post-310366","post","type-post","status-publish","format-standard","has-post-thumbnail","","category-dunya1","category-haber-seridi","category-haberler-arap-uluslararasi-politika","category-son-haberler","tag-israilin-lubnanin-baalbek-kentine-duzenledigi-hava-saldirganliginda-sehit-ve-yaralilar"],"_links":{"self":[{"href":"https:\/\/archive.sana.sy\/tr\/index.php?rest_route=\/wp\/v2\/posts\/310366","targetHints":{"allow":["GET"]}}],"collection":[{"href":"https:\/\/archive.sana.sy\/tr\/index.php?rest_route=\/wp\/v2\/posts"}],"about":[{"href":"https:\/\/archive.sana.sy\/tr\/index.php?rest_route=\/wp\/v2\/types\/post"}],"author":[{"embeddable":true,"href":"https:\/\/archive.sana.sy\/tr\/index.php?rest_route=\/wp\/v2\/users\/39"}],"replies":[{"embeddable":true,"href":"https:\/\/archive.sana.sy\/tr\/index.php?rest_route=%2Fwp%2Fv2%2Fcomments&post=310366"}],"version-history":[{"count":6,"href":"https:\/\/archive.sana.sy\/tr\/index.php?rest_route=\/wp\/v2\/posts\/310366\/revisions"}],"predecessor-version":[{"id":310396,"href":"https:\/\/archive.sana.sy\/tr\/index.php?rest_route=\/wp\/v2\/posts\/310366\/revisions\/310396"}],"wp:featuredmedia":[{"embeddable":true,"href":"https:\/\/archive.sana.sy\/tr\/index.php?rest_route=\/wp\/v2\/media\/310369"}],"wp:attachment":[{"href":"https:\/\/archive.sana.sy\/tr\/index.php?rest_route=%2Fwp%2Fv2%2Fmedia&parent=310366"}],"wp:term":[{"taxonomy":"category","embeddable":true,"href":"https:\/\/archive.sana.sy\/tr\/index.php?rest_route=%2Fwp%2Fv2%2Fcategories&post=310366"},{"taxonomy":"post_tag","embeddable":true,"href":"https:\/\/archive.sana.sy\/tr\/index.php?rest_route=%2Fwp%2Fv2%2Ftags&post=310366"}],"curies":[{"name":"wp","href":"https:\/\/api.w.org\/{rel}","templated":true}]}}