{"id":310379,"date":"2024-10-21T13:55:48","date_gmt":"2024-10-21T10:55:48","guid":{"rendered":"https:\/\/sana.sy\/tr\/?p=310379"},"modified":"2024-10-21T15:17:41","modified_gmt":"2024-10-21T12:17:41","slug":"yerel-yonetim-ve-cevre-bakani-bm-kalkinma-faaliyetleri-mukim-koordinatoru-ile-lubnandan-gelenlerin-ihtiyaclarina-yanit-verme-cabalarini-gorustu","status":"publish","type":"post","link":"https:\/\/archive.sana.sy\/tr\/?p=310379","title":{"rendered":"Yerel Y\u00f6netim Bakan\u0131, BM Kalk\u0131nma Faaliyetleri Mukim Koordinat\u00f6r\u00fc \u0130le L\u00fcbnan&#8217;dan Gelenlerin \u0130htiya\u00e7lar\u0131na Yan\u0131t Verme \u00c7abalar\u0131n\u0131 G\u00f6r\u00fc\u015ft\u00fc"},"content":{"rendered":"<p style=\"text-align: justify;\"><strong>\u015eAM (SANA) \u2013<\/strong> Yerel Y\u00f6netim ve \u00c7evre Bakan\u0131 Luay Harita, Birle\u015fmi\u015f Milletler Kalk\u0131nma ve \u0130nsani Faaliyetler Mukim Koordinat\u00f6r\u00fc Adam Abdulmevla ve beraberindeki heyetle, Suriye h\u00fck\u00fcmetinin L\u00fcbnan&#8217;dan gelenlere insani m\u00fcdahale \u00e7abalar\u0131n\u0131 desteklemenin yollar\u0131n\u0131 ve Suriyeli m\u00fcltecilerin g\u00fcvenli bir \u015fekilde geri d\u00f6n\u00fc\u015f\u00fcn\u00fc sa\u011flamak i\u00e7in iyile\u015ftirme projeleri geli\u015ftirmenin yollar\u0131n\u0131 g\u00f6r\u00fc\u015ft\u00fc.<\/p>\n<p style=\"text-align: justify;\">Bakan Harita, Suriyelilerin ana vatanlar\u0131na s\u00fcrd\u00fcr\u00fclebilir d\u00f6n\u00fc\u015f\u00fcn\u00fc kolayla\u015ft\u0131rmak amac\u0131yla \u00e7e\u015fitli sekt\u00f6rlerde ge\u00e7im ve iyile\u015ftirme projelerinin uygulanmas\u0131 i\u00e7in Bakanl\u0131k ve Y\u00fcksek Yard\u0131m Komitesinin her t\u00fcrl\u00fc deste\u011fi ve kolayl\u0131\u011f\u0131 sa\u011flayaca\u011f\u0131n\u0131 belirtti.<\/p>\n<p style=\"text-align: justify;\">Bakan Harita ayr\u0131ca, Suriye h\u00fck\u00fcmetinin L\u00fcbnan&#8217;dan acilen gelenlere m\u00fcdahale etmek, insani ihtiya\u00e7lar\u0131n\u0131 g\u00fcvence alt\u0131na almak ve bar\u0131nma merkezleri a\u00e7mak amac\u0131yla ald\u0131\u011f\u0131 tedbirlerin haritas\u0131n\u0131 a\u00e7\u0131klayarak, L\u00fcbnan&#8217;dan gelenlere organize bir yan\u0131t verilmesini sa\u011flamak i\u00e7in ulusal ortaklar ve Birle\u015fmi\u015f Milletler kurulu\u015flar\u0131yla y\u00fcr\u00fct\u00fclen \u00e7abalar\u0131n koordinasyonunun devam etti\u011fine i\u015faret etti.<\/p>\n<p style=\"text-align: justify;\">Abdulmevla ise L\u00fcbnan&#8217;dan gelenlere ve Suriyeli geri d\u00f6nenlere verilen yan\u0131t \u00e7er\u00e7evesinde g\u00f6sterilen t\u00fcm \u00e7abalara te\u015fekk\u00fcr ederek, Suriyelilerin kendilerine g\u00fcvenebilmelerini sa\u011flamak ve geri d\u00f6n\u00fc\u015fleri i\u00e7in gerekli ortam\u0131n haz\u0131rlanmas\u0131na katk\u0131da bulunmak amac\u0131yla e\u011fitim, sa\u011fl\u0131k, su ve ge\u00e7im gibi temel sekt\u00f6rlere odaklanarak erken iyile\u015ftirme planlar\u0131n\u0131 uygulamaya devam etmenin \u00f6nemine dikkat \u00e7ekti.<\/p>\n<p style=\"text-align: center;\"><strong><a href=\"https:\/\/t.me\/SuriyeArapHaberAjansI\">Telegram Kanal\u0131m\u0131z\u00a0<\/a>||<a href=\"https:\/\/twitter.com\/arap_ajans\">X Platformumuz\u00a0<\/a>||<a href=\"https:\/\/www.facebook.com\/SANAHaberAjansi\/\">Facebook Sayfam\u0131z<\/a><\/strong><\/p>\n","protected":false},"excerpt":{"rendered":"<p>\u015eAM (SANA) \u2013 Yerel Y\u00f6netim ve \u00c7evre Bakan\u0131 Luay Harita, Birle\u015fmi\u015f Milletler Kalk\u0131nma ve \u0130nsani Faaliyetler Mukim Koordinat\u00f6r\u00fc Adam Abdulmevla ve beraberindeki heyetle, Suriye h\u00fck\u00fcmetinin L\u00fcbnan&#8217;dan gelenlere insani m\u00fcdahale \u00e7abalar\u0131n\u0131 desteklemenin yollar\u0131n\u0131 ve Suriyeli m\u00fcltecilerin g\u00fcvenli bir \u015fekilde geri d\u00f6n\u00fc\u015f\u00fcn\u00fc sa\u011flamak i\u00e7in iyile\u015ftirme projeleri geli\u015ftirmenin yollar\u0131n\u0131 g\u00f6r\u00fc\u015ft\u00fc. Bakan Harita, Suriyelilerin ana vatanlar\u0131na s\u00fcrd\u00fcr\u00fclebilir d\u00f6n\u00fc\u015f\u00fcn\u00fc kolayla\u015ft\u0131rmak &hellip;<\/p>\n","protected":false},"author":39,"featured_media":310380,"comment_status":"closed","ping_status":"closed","sticky":false,"template":"","format":"standard","meta":{"footnotes":""},"categories":[458,589,459,17988],"tags":[19174,38641,42706],"class_list":["post-310379","post","type-post","status-publish","format-standard","has-post-thumbnail","","category-dunya1","category-haber-seridi","category-haberler-arap-uluslararasi-politika","category-son-haberler","tag-suriyede-son-durumlar","tag-suriyede-son-gelimeler","tag-suriyedeki-lubnanlarin-durumu"],"_links":{"self":[{"href":"https:\/\/archive.sana.sy\/tr\/index.php?rest_route=\/wp\/v2\/posts\/310379","targetHints":{"allow":["GET"]}}],"collection":[{"href":"https:\/\/archive.sana.sy\/tr\/index.php?rest_route=\/wp\/v2\/posts"}],"about":[{"href":"https:\/\/archive.sana.sy\/tr\/index.php?rest_route=\/wp\/v2\/types\/post"}],"author":[{"embeddable":true,"href":"https:\/\/archive.sana.sy\/tr\/index.php?rest_route=\/wp\/v2\/users\/39"}],"replies":[{"embeddable":true,"href":"https:\/\/archive.sana.sy\/tr\/index.php?rest_route=%2Fwp%2Fv2%2Fcomments&post=310379"}],"version-history":[{"count":3,"href":"https:\/\/archive.sana.sy\/tr\/index.php?rest_route=\/wp\/v2\/posts\/310379\/revisions"}],"predecessor-version":[{"id":310383,"href":"https:\/\/archive.sana.sy\/tr\/index.php?rest_route=\/wp\/v2\/posts\/310379\/revisions\/310383"}],"wp:featuredmedia":[{"embeddable":true,"href":"https:\/\/archive.sana.sy\/tr\/index.php?rest_route=\/wp\/v2\/media\/310380"}],"wp:attachment":[{"href":"https:\/\/archive.sana.sy\/tr\/index.php?rest_route=%2Fwp%2Fv2%2Fmedia&parent=310379"}],"wp:term":[{"taxonomy":"category","embeddable":true,"href":"https:\/\/archive.sana.sy\/tr\/index.php?rest_route=%2Fwp%2Fv2%2Fcategories&post=310379"},{"taxonomy":"post_tag","embeddable":true,"href":"https:\/\/archive.sana.sy\/tr\/index.php?rest_route=%2Fwp%2Fv2%2Ftags&post=310379"}],"curies":[{"name":"wp","href":"https:\/\/api.w.org\/{rel}","templated":true}]}}