{"id":31038,"date":"2015-04-27T09:08:04","date_gmt":"2015-04-27T06:08:04","guid":{"rendered":"http:\/\/www.sana.sy\/tr\/?p=31038"},"modified":"2015-04-27T16:18:45","modified_gmt":"2015-04-27T13:18:45","slug":"firdevs-zamansalinda-dorduncu-vahran-film-festivaline-katiliyor","status":"publish","type":"post","link":"https:\/\/archive.sana.sy\/tr\/?p=31038","title":{"rendered":"\u201cFirdevs Zamansal\u0131nda D\u00f6rd\u00fcnc\u00fc\u201d Vahran Film Festivaline Kat\u0131l\u0131yor"},"content":{"rendered":"<p>\u015eAM \u2013 Suriye Sinema Kurumunun yap\u0131m\u0131 olan \u201cFirdevs Zamansal\u0131nda D\u00f6rd\u00fcnc\u00fc\u201d isimli sinema filmi Cezayir\u2019de Haziran ay\u0131nda d\u00fczenlenecek Vahran Film Festivalinde sinema severlerle bulu\u015fuyor.<\/p>\n<p>Toplumun seyyar sat\u0131c\u0131s\u0131ndan entelekt\u00fcel ayd\u0131n\u0131na kadar b\u00fct\u00fcn kesimlerinin sorunlar\u0131n\u0131n deneyimli oyuncular taraf\u0131ndan canland\u0131r\u0131ld\u0131\u011f\u0131 film, ba\u015frol\u00fcn \u015eam&#8217;da ge\u00e7irdi\u011fi bir g\u00fcn\u00fcn hikayesini konu al\u0131yor.<\/p>\n<p>Muhammed Abd\u00fclaziz\u2019in senaryosunu yaz\u0131p y\u00f6netmenli\u011fini yapt\u0131\u011f\u0131 Sinema Kamu Kurumunun 2013 y\u0131l\u0131nda \u00e7ekti\u011fi filmde bir\u00e7ok \u00fcnl\u00fc oyuncu rol ald\u0131.<\/p>\n<p>A.A. &#8211; F.B.<\/p>\n","protected":false},"excerpt":{"rendered":"<p>\u015eAM \u2013 Suriye Sinema Kurumunun yap\u0131m\u0131 olan \u201cFirdevs Zamansal\u0131nda D\u00f6rd\u00fcnc\u00fc\u201d isimli sinema filmi Cezayir\u2019de Haziran ay\u0131nda d\u00fczenlenecek Vahran Film Festivalinde sinema severlerle bulu\u015fuyor. Toplumun seyyar sat\u0131c\u0131s\u0131ndan entelekt\u00fcel ayd\u0131n\u0131na kadar b\u00fct\u00fcn kesimlerinin sorunlar\u0131n\u0131n deneyimli oyuncular taraf\u0131ndan canland\u0131r\u0131ld\u0131\u011f\u0131 film, ba\u015frol\u00fcn \u015eam&#8217;da ge\u00e7irdi\u011fi bir g\u00fcn\u00fcn hikayesini konu al\u0131yor. Muhammed Abd\u00fclaziz\u2019in senaryosunu yaz\u0131p y\u00f6netmenli\u011fini yapt\u0131\u011f\u0131 Sinema Kamu Kurumunun 2013 &hellip;<\/p>\n","protected":false},"author":1,"featured_media":31040,"comment_status":"closed","ping_status":"closed","sticky":false,"template":"","format":"standard","meta":{"footnotes":""},"categories":[516,511],"tags":[14077],"class_list":["post-31038","post","type-post","status-publish","format-standard","has-post-thumbnail","","category-haberler-kultur-ve-sanat","category-kultur-ve-sanat","tag-firdevs-zamansalinda-dorduncu-vahran-film-festivaline-katiliyor-sam-suriye-sinema-kurumunun-urunu-olan-firdevs-zamansalinda-dorduncu-isimli-sinema-filmi-c"],"_links":{"self":[{"href":"https:\/\/archive.sana.sy\/tr\/index.php?rest_route=\/wp\/v2\/posts\/31038","targetHints":{"allow":["GET"]}}],"collection":[{"href":"https:\/\/archive.sana.sy\/tr\/index.php?rest_route=\/wp\/v2\/posts"}],"about":[{"href":"https:\/\/archive.sana.sy\/tr\/index.php?rest_route=\/wp\/v2\/types\/post"}],"author":[{"embeddable":true,"href":"https:\/\/archive.sana.sy\/tr\/index.php?rest_route=\/wp\/v2\/users\/1"}],"replies":[{"embeddable":true,"href":"https:\/\/archive.sana.sy\/tr\/index.php?rest_route=%2Fwp%2Fv2%2Fcomments&post=31038"}],"version-history":[{"count":0,"href":"https:\/\/archive.sana.sy\/tr\/index.php?rest_route=\/wp\/v2\/posts\/31038\/revisions"}],"wp:featuredmedia":[{"embeddable":true,"href":"https:\/\/archive.sana.sy\/tr\/index.php?rest_route=\/wp\/v2\/media\/31040"}],"wp:attachment":[{"href":"https:\/\/archive.sana.sy\/tr\/index.php?rest_route=%2Fwp%2Fv2%2Fmedia&parent=31038"}],"wp:term":[{"taxonomy":"category","embeddable":true,"href":"https:\/\/archive.sana.sy\/tr\/index.php?rest_route=%2Fwp%2Fv2%2Fcategories&post=31038"},{"taxonomy":"post_tag","embeddable":true,"href":"https:\/\/archive.sana.sy\/tr\/index.php?rest_route=%2Fwp%2Fv2%2Ftags&post=31038"}],"curies":[{"name":"wp","href":"https:\/\/api.w.org\/{rel}","templated":true}]}}