{"id":310384,"date":"2024-10-21T13:00:02","date_gmt":"2024-10-21T10:00:02","guid":{"rendered":"https:\/\/sana.sy\/tr\/?p=310384"},"modified":"2024-10-21T15:26:05","modified_gmt":"2024-10-21T12:26:05","slug":"dusman-israil-20-gun-icinde-49-subay-ve-askerinin-olduruldugunu-itiraf-etti","status":"publish","type":"post","link":"https:\/\/archive.sana.sy\/tr\/?p=310384","title":{"rendered":"D\u00fc\u015fman \u0130srail, 20 G\u00fcn \u0130\u00e7inde 49 Subay Ve Askerinin \u00d6ld\u00fcr\u00fcld\u00fc\u011f\u00fcn\u00fc \u0130tiraf Etti"},"content":{"rendered":"<p style=\"text-align: justify;\"><strong>\u0130\u015eGAL ED\u0130LEN KUD\u00dcS (SANA)<\/strong> \u2013 D\u00fc\u015fman \u0130srail, Ekim ay\u0131n\u0131n ba\u015f\u0131ndan bu yana \u00e7e\u015fitli sava\u015f cephelerinde direni\u015f ate\u015fi sonucu 49 subay\u0131n\u0131n, askerinin ve yerle\u015fimcisinin \u00f6ld\u00fcr\u00fcld\u00fc\u011f\u00fcn\u00fc itiraf etti.<\/p>\n<p style=\"text-align: justify;\">Di\u011fer i\u015fgal kaynaklar\u0131 ise kay\u0131plar\u0131n \u00e7ok daha y\u00fcksek oldu\u011funu do\u011frularken, askeri sans\u00fcr \u00f6l\u00fclerin ger\u00e7ek say\u0131lar\u0131n\u0131n yay\u0131nlanmas\u0131na yasak getirmeye devam ediyor.<\/p>\n<p style=\"text-align: justify;\">D\u00fc\u015fman \u0130srail en son 20 Ekim tarihinde 104&#8217;\u00fcnc\u00fc Z\u0131rhl\u0131 Tugay Komutan\u0131 Cebeliye \u00e7at\u0131\u015fmalar\u0131nda \u00f6ld\u00fcr\u00fcld\u00fc\u011f\u00fcn\u00fc duyurmu\u015ftu.<\/p>\n<p style=\"text-align: center;\"><strong><a href=\"https:\/\/t.me\/SuriyeArapHaberAjansI\">Telegram Kanal\u0131m\u0131z\u00a0<\/a>||<a href=\"https:\/\/twitter.com\/arap_ajans\">X Platformumuz\u00a0<\/a>||<a href=\"https:\/\/www.facebook.com\/SANAHaberAjansi\/\">Facebook Sayfam\u0131z<\/a><\/strong><\/p>\n","protected":false},"excerpt":{"rendered":"<p>\u0130\u015eGAL ED\u0130LEN KUD\u00dcS (SANA) \u2013 D\u00fc\u015fman \u0130srail, Ekim ay\u0131n\u0131n ba\u015f\u0131ndan bu yana \u00e7e\u015fitli sava\u015f cephelerinde direni\u015f ate\u015fi sonucu 49 subay\u0131n\u0131n, askerinin ve yerle\u015fimcisinin \u00f6ld\u00fcr\u00fcld\u00fc\u011f\u00fcn\u00fc itiraf etti. Di\u011fer i\u015fgal kaynaklar\u0131 ise kay\u0131plar\u0131n \u00e7ok daha y\u00fcksek oldu\u011funu do\u011frularken, askeri sans\u00fcr \u00f6l\u00fclerin ger\u00e7ek say\u0131lar\u0131n\u0131n yay\u0131nlanmas\u0131na yasak getirmeye devam ediyor. D\u00fc\u015fman \u0130srail en son 20 Ekim tarihinde 104&#8217;\u00fcnc\u00fc Z\u0131rhl\u0131 &hellip;<\/p>\n","protected":false},"author":41,"featured_media":310385,"comment_status":"closed","ping_status":"closed","sticky":false,"template":"","format":"standard","meta":{"footnotes":""},"categories":[458,589,459,17988],"tags":[42707,25772],"class_list":["post-310384","post","type-post","status-publish","format-standard","has-post-thumbnail","","category-dunya1","category-haber-seridi","category-haberler-arap-uluslararasi-politika","category-son-haberler","tag-20-gun-icinde-49-subay-ve-askerinin-olduruldugunu-itiraf-etti","tag-dusman-israil"],"_links":{"self":[{"href":"https:\/\/archive.sana.sy\/tr\/index.php?rest_route=\/wp\/v2\/posts\/310384","targetHints":{"allow":["GET"]}}],"collection":[{"href":"https:\/\/archive.sana.sy\/tr\/index.php?rest_route=\/wp\/v2\/posts"}],"about":[{"href":"https:\/\/archive.sana.sy\/tr\/index.php?rest_route=\/wp\/v2\/types\/post"}],"author":[{"embeddable":true,"href":"https:\/\/archive.sana.sy\/tr\/index.php?rest_route=\/wp\/v2\/users\/41"}],"replies":[{"embeddable":true,"href":"https:\/\/archive.sana.sy\/tr\/index.php?rest_route=%2Fwp%2Fv2%2Fcomments&post=310384"}],"version-history":[{"count":1,"href":"https:\/\/archive.sana.sy\/tr\/index.php?rest_route=\/wp\/v2\/posts\/310384\/revisions"}],"predecessor-version":[{"id":310386,"href":"https:\/\/archive.sana.sy\/tr\/index.php?rest_route=\/wp\/v2\/posts\/310384\/revisions\/310386"}],"wp:featuredmedia":[{"embeddable":true,"href":"https:\/\/archive.sana.sy\/tr\/index.php?rest_route=\/wp\/v2\/media\/310385"}],"wp:attachment":[{"href":"https:\/\/archive.sana.sy\/tr\/index.php?rest_route=%2Fwp%2Fv2%2Fmedia&parent=310384"}],"wp:term":[{"taxonomy":"category","embeddable":true,"href":"https:\/\/archive.sana.sy\/tr\/index.php?rest_route=%2Fwp%2Fv2%2Fcategories&post=310384"},{"taxonomy":"post_tag","embeddable":true,"href":"https:\/\/archive.sana.sy\/tr\/index.php?rest_route=%2Fwp%2Fv2%2Ftags&post=310384"}],"curies":[{"name":"wp","href":"https:\/\/api.w.org\/{rel}","templated":true}]}}