{"id":310390,"date":"2024-10-21T11:48:20","date_gmt":"2024-10-21T08:48:20","guid":{"rendered":"https:\/\/sana.sy\/tr\/?p=310390"},"modified":"2024-10-21T18:01:52","modified_gmt":"2024-10-21T15:01:52","slug":"rusya-devlet-baskani-bae-mevkidasi-ile-ikili-is-birligini-gelistirmeyi-gorustu","status":"publish","type":"post","link":"https:\/\/archive.sana.sy\/tr\/?p=310390","title":{"rendered":"Rusya Devlet Ba\u015fkan\u0131, BAE mevkida\u015f\u0131 \u0130le \u0130kili \u0130\u015f Birli\u011fini Geli\u015ftirmeyi G\u00f6r\u00fc\u015ft\u00fc"},"content":{"rendered":"<p style=\"text-align: justify;\"><strong>MOSKOVA (SANA) &#8211;<\/strong> \u00a0Bug\u00fcn Moskova&#8217;da yap\u0131lan g\u00f6r\u00fc\u015fmede Rusya Devlet Ba\u015fkan\u0131 Vladimir Putin, BAE mevkida\u015f\u0131 Muhammed bin Zayid Al Nahyan ile \u00e7ok kutuplu bir d\u00fcnya yaratmak da dahil olmak \u00fczere iki \u00fclke aras\u0131ndaki i\u015f birli\u011fini her d\u00fczeyde geli\u015ftirmenin yollar\u0131n\u0131 g\u00f6r\u00fc\u015ft\u00fc.<\/p>\n<p style=\"text-align: justify;\">Putin ayr\u0131ca, &#8220;Rusya ve Birle\u015fik Arap Emirlikleri, yaln\u0131zca ikili ve Orta Do\u011fu d\u00fczeyinde de\u011fil, ayn\u0131 zamanda Birle\u015fmi\u015f Milletler ve BRICS grubu gibi b\u00fcy\u00fck platformlarda da aktif olarak etkile\u015fim halindedir&#8221; diyerek, k\u00fclt\u00fcr, insan ili\u015fkileri ve e\u011fitim ile \u00e7ok \u00f6nemli bir etkile\u015fim alan\u0131 daha oldu\u011funa dikkat \u00e7ekti.<\/p>\n<p style=\"text-align: justify;\">Buna kar\u015f\u0131l\u0131k BAE Devlet Ba\u015fkan\u0131, \u00fclkesinin t\u00fcm \u00fclkelerin geli\u015fece\u011fi \u00e7ok kutuplu bir d\u00fcnya yaratmaya verdi\u011fi deste\u011fi ifade ederken, gerek BRICS grubu, \u015eangay \u0130\u015fbirli\u011fi \u00d6rg\u00fct\u00fc b\u00fcnyesinde, gerekse OPEC Plus format\u0131ndaki etkile\u015fim \u00e7er\u00e7evesinde \u00fclkesinin Rusya&#8217;ya bu y\u00f6nde destek verdi\u011fini vurgulad\u0131 ve iki \u00fclke aras\u0131ndaki etkile\u015fimin sadece b\u00f6lgesel konularda de\u011fil, uluslararas\u0131 nitelikteki konularda da \u00e7ok \u00f6nemli oldu\u011funa dikkat \u00e7ekti.<\/p>\n<p style=\"text-align: justify;\">G\u00f6r\u00fc\u015fmelerin konular\u0131 aras\u0131nda sanayi, enerji, altyap\u0131 ve ula\u015ft\u0131rma sekt\u00f6rlerinin yan\u0131 s\u0131ra uluslararas\u0131 ili\u015fkilerde i\u015f birli\u011fi konular\u0131 da yer ald\u0131.<\/p>\n<p style=\"text-align: center;\"><strong><a href=\"https:\/\/t.me\/SuriyeArapHaberAjansI\">Telegram Kanal\u0131m\u0131z\u00a0<\/a>||<a href=\"https:\/\/twitter.com\/arap_ajans\">X Platformumuz\u00a0<\/a>||<a href=\"https:\/\/www.facebook.com\/SANAHaberAjansi\/\">Facebook Sayfam\u0131z<\/a><\/strong><\/p>\n","protected":false},"excerpt":{"rendered":"<p>MOSKOVA (SANA) &#8211; \u00a0Bug\u00fcn Moskova&#8217;da yap\u0131lan g\u00f6r\u00fc\u015fmede Rusya Devlet Ba\u015fkan\u0131 Vladimir Putin, BAE mevkida\u015f\u0131 Muhammed bin Zayid Al Nahyan ile \u00e7ok kutuplu bir d\u00fcnya yaratmak da dahil olmak \u00fczere iki \u00fclke aras\u0131ndaki i\u015f birli\u011fini her d\u00fczeyde geli\u015ftirmenin yollar\u0131n\u0131 g\u00f6r\u00fc\u015ft\u00fc. Putin ayr\u0131ca, &#8220;Rusya ve Birle\u015fik Arap Emirlikleri, yaln\u0131zca ikili ve Orta Do\u011fu d\u00fczeyinde de\u011fil, ayn\u0131 zamanda &hellip;<\/p>\n","protected":false},"author":41,"featured_media":310391,"comment_status":"closed","ping_status":"closed","sticky":false,"template":"","format":"standard","meta":{"footnotes":""},"categories":[458,589,459,17988],"tags":[42709,30082],"class_list":["post-310390","post","type-post","status-publish","format-standard","has-post-thumbnail","","category-dunya1","category-haber-seridi","category-haberler-arap-uluslararasi-politika","category-son-haberler","tag-bae-mevkidasi-ile-ikili-is-birligini-gelistirmeyi-gorustu","tag-rusya-devlet-baskani"],"_links":{"self":[{"href":"https:\/\/archive.sana.sy\/tr\/index.php?rest_route=\/wp\/v2\/posts\/310390","targetHints":{"allow":["GET"]}}],"collection":[{"href":"https:\/\/archive.sana.sy\/tr\/index.php?rest_route=\/wp\/v2\/posts"}],"about":[{"href":"https:\/\/archive.sana.sy\/tr\/index.php?rest_route=\/wp\/v2\/types\/post"}],"author":[{"embeddable":true,"href":"https:\/\/archive.sana.sy\/tr\/index.php?rest_route=\/wp\/v2\/users\/41"}],"replies":[{"embeddable":true,"href":"https:\/\/archive.sana.sy\/tr\/index.php?rest_route=%2Fwp%2Fv2%2Fcomments&post=310390"}],"version-history":[{"count":2,"href":"https:\/\/archive.sana.sy\/tr\/index.php?rest_route=\/wp\/v2\/posts\/310390\/revisions"}],"predecessor-version":[{"id":310399,"href":"https:\/\/archive.sana.sy\/tr\/index.php?rest_route=\/wp\/v2\/posts\/310390\/revisions\/310399"}],"wp:featuredmedia":[{"embeddable":true,"href":"https:\/\/archive.sana.sy\/tr\/index.php?rest_route=\/wp\/v2\/media\/310391"}],"wp:attachment":[{"href":"https:\/\/archive.sana.sy\/tr\/index.php?rest_route=%2Fwp%2Fv2%2Fmedia&parent=310390"}],"wp:term":[{"taxonomy":"category","embeddable":true,"href":"https:\/\/archive.sana.sy\/tr\/index.php?rest_route=%2Fwp%2Fv2%2Fcategories&post=310390"},{"taxonomy":"post_tag","embeddable":true,"href":"https:\/\/archive.sana.sy\/tr\/index.php?rest_route=%2Fwp%2Fv2%2Ftags&post=310390"}],"curies":[{"name":"wp","href":"https:\/\/api.w.org\/{rel}","templated":true}]}}