{"id":310400,"date":"2024-10-21T18:55:08","date_gmt":"2024-10-21T15:55:08","guid":{"rendered":"https:\/\/sana.sy\/tr\/?p=310400"},"modified":"2024-10-23T13:09:33","modified_gmt":"2024-10-23T10:09:33","slug":"mikdad-cezayir-ve-irak-buyukelcileriyle-bolgedeki-gelismeleri-gorustu","status":"publish","type":"post","link":"https:\/\/archive.sana.sy\/tr\/?p=310400","title":{"rendered":"Mikdad, Cezayir Ve Irak B\u00fcy\u00fckel\u00e7ileriyle B\u00f6lgedeki Geli\u015fmeleri G\u00f6r\u00fc\u015ft\u00fc"},"content":{"rendered":"<p style=\"text-align: justify;\"><strong>\u015eAM (SANA)<\/strong> \u2013 \u00a0Cumhurba\u015fkan\u0131 Yard\u0131mc\u0131s\u0131 Faysal Mikdad, Cezayir Demokratik Halk Cumhuriyeti&#8217;nin \u015eam B\u00fcy\u00fckel\u00e7isi Kemal Bu\u015fama ile bir araya gelerek, Siyonist politikalar\u0131n ve soyk\u0131r\u0131m uygulamalar\u0131n\u0131n devam etmesi ve \u0130srail i\u015fgal g\u00fc\u00e7lerinin Gazze, Bat\u0131 \u015eeria ve L\u00fcbnan&#8217;da yaratt\u0131\u011f\u0131 y\u0131k\u0131mlar \u0131\u015f\u0131\u011f\u0131nda b\u00f6lgedeki g\u00fcncel geli\u015fmeleri ele ald\u0131.<\/p>\n<p style=\"text-align: justify;\">Mikdad, Cezayir B\u00fcy\u00fckel\u00e7isi ile ayn\u0131 zamanda Suriye&#8217;ye y\u00f6nelik tekrarlanan sald\u0131rganl\u0131klar\u0131, bu sald\u0131rganl\u0131klar\u0131n derhal durdurulmas\u0131 ve \u0130srail i\u015fgal otoritelerinin bu sald\u0131rganl\u0131klar konusunda hesap verebilirli\u011finin sa\u011flanmas\u0131 i\u00e7in \u00e7abalar\u0131n seferber edilmesi ihtiyac\u0131n\u0131 da masya yat\u0131rd\u0131.<\/p>\n<p style=\"text-align: justify;\">\u0130ki \u00fclke aras\u0131ndaki i\u015fbirli\u011finin boyutlar\u0131 ve ortak ilgi duyulan bir dizi konunun ele al\u0131nd\u0131\u011f\u0131 g\u00f6r\u00fc\u015fmede Mikdad, Suriye-Cezayir ili\u015fkilerinin derinli\u011fini ve k\u00f6kl\u00fcl\u00fc\u011f\u00fcn\u00fc vurgularken, iki karde\u015f halk\u0131n iyili\u011fi ve \u00e7\u0131karlar\u0131 i\u00e7in bunu \u00e7e\u015fitli alanlarda geli\u015ftirmeye devam edilmesi gerekti\u011fini vurgulad\u0131 ve Suriye&#8217;nin, Cezayir&#8217;in G\u00fcvenlik Konseyi&#8217;ndeki mevcut \u00fcyeli\u011fi arac\u0131l\u0131\u011f\u0131yla Arap meselelerini savunmada oynad\u0131\u011f\u0131 \u00f6nemli ve etkili rolden duydu\u011fu memnuniyeti dile getirdi.<\/p>\n<p style=\"text-align: justify;\">B\u00fcy\u00fckel\u00e7i Bu\u015fama ise iki \u00fclke aras\u0131ndaki se\u00e7kin ili\u015fkileri ve bunlar\u0131 geli\u015ftirmek i\u00e7in ikili i\u015fbirli\u011fini yo\u011funla\u015ft\u0131rman\u0131n \u00f6nemini vurgulad\u0131 ve ortak \u00e7\u0131karlar\u0131 ilgilendiren t\u00fcm konularda s\u00fcrekli koordinasyon ve isti\u015farede bulunman\u0131n \u00f6nemine dikkat \u00e7ekti.<\/p>\n<p style=\"text-align: justify;\">Mikdad ayr\u0131ca Irak&#8217;\u0131n \u015eam B\u00fcy\u00fckel\u00e7ili\u011fi Maslahatg\u00fczar\u0131 Yasin \u015eerif Hucayimi ile g\u00f6r\u00fc\u015ferek,\u00a0 iki karde\u015f \u00fclke ve halklar aras\u0131ndaki ili\u015fkilerin derinli\u011fini ve bunlar\u0131n \u00e7e\u015fitli alanlarda g\u00fc\u00e7lendirilmesinin yan\u0131 s\u0131ra ortak \u00e7\u0131karlar\u0131 ilgilendiren konularda \u00e7e\u015fitli d\u00fczeylerde koordinasyonun gereklili\u011fini vurgulad\u0131.<\/p>\n<p style=\"text-align: justify;\">Mikdad, Siyonist varl\u0131\u011f\u0131n Filistin halk\u0131na kar\u015f\u0131 uygulad\u0131\u011f\u0131 soyk\u0131r\u0131m\u0131n, L\u00fcbnan&#8217;a y\u00f6nelik sald\u0131rganl\u0131\u011f\u0131n\u0131n ve i\u015fgal alt\u0131ndaki Filistin topraklar\u0131nda Suriye&#8217;ye y\u00f6nelik defalarca sald\u0131r\u0131lar\u0131n\u0131n durdurulmas\u0131 dahil olmak \u00fczere ortak zorluklarla m\u00fccadelede Suriye ve Irak h\u00fck\u00fcmetleri aras\u0131ndaki mevcut i\u015fbirli\u011finin \u00f6nemine dikkat \u00e7ekti.<\/p>\n<p style=\"text-align: justify;\">Huceyimi ise Irak h\u00fck\u00fcmetinin, Suriye&#8217;nin kap\u0131lar\u0131n\u0131 L\u00fcbnanl\u0131 karde\u015flere a\u00e7mas\u0131ndan ve onlar\u0131 kabul etmek i\u00e7in her t\u00fcrl\u00fc \u00e7abay\u0131 g\u00f6stermesinden duydu\u011fu b\u00fcy\u00fck memnuniyeti dile getirdi ve Irak h\u00fck\u00fcmetinin bu ba\u011flamda olas\u0131 yard\u0131mlar\u0131 sa\u011flad\u0131\u011f\u0131n\u0131 kaydederek, iki karde\u015f \u00fclkedeki \u00e7e\u015fitli taraflar aras\u0131ndaki i\u015fbirli\u011fi ve koordinasyonun devam etti\u011fini vurgulad\u0131.<\/p>\n<p style=\"text-align: justify;\">\u0130ki g\u00f6r\u00fc\u015fmeye D\u0131\u015fi\u015fleri ve Gurbet\u00e7iler Bakan Yard\u0131mc\u0131s\u0131 Habib Abbas ile Arap \u0130\u015fleri Dairesi Ba\u015fkan\u0131 Riyad Abbas kat\u0131ld\u0131.<\/p>\n<p style=\"text-align: center;\"><strong><a href=\"https:\/\/t.me\/SuriyeArapHaberAjansI\">Telegram Kanal\u0131m\u0131z\u00a0<\/a><span style=\"color: #ff0000;\">||<\/span><a href=\"https:\/\/twitter.com\/arap_ajans\">X Platformumuz\u00a0<\/a><span style=\"color: #ff0000;\">||<\/span><a href=\"https:\/\/www.facebook.com\/SANAHaberAjansi\/\">Facebook Sayfam\u0131z<\/a><\/strong><\/p>\n<div id='gallery-1' class='gallery galleryid-310400 gallery-columns-1 gallery-size-full'><figure class='gallery-item'>\n\t\t\t<div class='gallery-icon landscape'>\n\t\t\t\t<a href='https:\/\/archive.sana.sy\/tr\/?attachment_id=310402'><img loading=\"lazy\" decoding=\"async\" width=\"2560\" height=\"1376\" src=\"https:\/\/archive.sana.sy\/tr\/wp-content\/uploads\/2024\/10\/DSC00437-scaled-1.jpg\" class=\"attachment-full size-full\" alt=\"\" srcset=\"https:\/\/archive.sana.sy\/tr\/wp-content\/uploads\/2024\/10\/DSC00437-scaled-1.jpg 2560w, https:\/\/archive.sana.sy\/tr\/wp-content\/uploads\/2024\/10\/DSC00437-scaled-1-300x161.jpg 300w, https:\/\/archive.sana.sy\/tr\/wp-content\/uploads\/2024\/10\/DSC00437-scaled-1-1024x550.jpg 1024w, https:\/\/archive.sana.sy\/tr\/wp-content\/uploads\/2024\/10\/DSC00437-scaled-1-768x413.jpg 768w, https:\/\/archive.sana.sy\/tr\/wp-content\/uploads\/2024\/10\/DSC00437-scaled-1-1536x826.jpg 1536w, https:\/\/archive.sana.sy\/tr\/wp-content\/uploads\/2024\/10\/DSC00437-scaled-1-2048x1101.jpg 2048w\" sizes=\"auto, (max-width: 2560px) 100vw, 2560px\" \/><\/a>\n\t\t\t<\/div><\/figure>\n\t\t<\/div>\n\n","protected":false},"excerpt":{"rendered":"<p>\u015eAM (SANA) \u2013 \u00a0Cumhurba\u015fkan\u0131 Yard\u0131mc\u0131s\u0131 Faysal Mikdad, Cezayir Demokratik Halk Cumhuriyeti&#8217;nin \u015eam B\u00fcy\u00fckel\u00e7isi Kemal Bu\u015fama ile bir araya gelerek, Siyonist politikalar\u0131n ve soyk\u0131r\u0131m uygulamalar\u0131n\u0131n devam etmesi ve \u0130srail i\u015fgal g\u00fc\u00e7lerinin Gazze, Bat\u0131 \u015eeria ve L\u00fcbnan&#8217;da yaratt\u0131\u011f\u0131 y\u0131k\u0131mlar \u0131\u015f\u0131\u011f\u0131nda b\u00f6lgedeki g\u00fcncel geli\u015fmeleri ele ald\u0131. Mikdad, Cezayir B\u00fcy\u00fckel\u00e7isi ile ayn\u0131 zamanda Suriye&#8217;ye y\u00f6nelik tekrarlanan sald\u0131rganl\u0131klar\u0131, bu sald\u0131rganl\u0131klar\u0131n &hellip;<\/p>\n","protected":false},"author":41,"featured_media":310401,"comment_status":"closed","ping_status":"closed","sticky":false,"template":"","format":"standard","meta":{"footnotes":""},"categories":[479,17988,478],"tags":[42712,38328,19043,38641],"class_list":["post-310400","post","type-post","status-publish","format-standard","has-post-thumbnail","","category-haberler-yerel","category-son-haberler","category-yerel","tag-cezayir-ve-irak-buyukelcileriyle-bolgedeki-gelismeleri-gorustu","tag-mikdad","tag-suriyede-son-durum","tag-suriyede-son-gelimeler"],"_links":{"self":[{"href":"https:\/\/archive.sana.sy\/tr\/index.php?rest_route=\/wp\/v2\/posts\/310400","targetHints":{"allow":["GET"]}}],"collection":[{"href":"https:\/\/archive.sana.sy\/tr\/index.php?rest_route=\/wp\/v2\/posts"}],"about":[{"href":"https:\/\/archive.sana.sy\/tr\/index.php?rest_route=\/wp\/v2\/types\/post"}],"author":[{"embeddable":true,"href":"https:\/\/archive.sana.sy\/tr\/index.php?rest_route=\/wp\/v2\/users\/41"}],"replies":[{"embeddable":true,"href":"https:\/\/archive.sana.sy\/tr\/index.php?rest_route=%2Fwp%2Fv2%2Fcomments&post=310400"}],"version-history":[{"count":1,"href":"https:\/\/archive.sana.sy\/tr\/index.php?rest_route=\/wp\/v2\/posts\/310400\/revisions"}],"predecessor-version":[{"id":310403,"href":"https:\/\/archive.sana.sy\/tr\/index.php?rest_route=\/wp\/v2\/posts\/310400\/revisions\/310403"}],"wp:featuredmedia":[{"embeddable":true,"href":"https:\/\/archive.sana.sy\/tr\/index.php?rest_route=\/wp\/v2\/media\/310401"}],"wp:attachment":[{"href":"https:\/\/archive.sana.sy\/tr\/index.php?rest_route=%2Fwp%2Fv2%2Fmedia&parent=310400"}],"wp:term":[{"taxonomy":"category","embeddable":true,"href":"https:\/\/archive.sana.sy\/tr\/index.php?rest_route=%2Fwp%2Fv2%2Fcategories&post=310400"},{"taxonomy":"post_tag","embeddable":true,"href":"https:\/\/archive.sana.sy\/tr\/index.php?rest_route=%2Fwp%2Fv2%2Ftags&post=310400"}],"curies":[{"name":"wp","href":"https:\/\/api.w.org\/{rel}","templated":true}]}}