{"id":310404,"date":"2024-10-21T19:15:03","date_gmt":"2024-10-21T16:15:03","guid":{"rendered":"https:\/\/sana.sy\/tr\/?p=310404"},"modified":"2024-10-21T19:15:03","modified_gmt":"2024-10-21T16:15:03","slug":"israilin-samin-mezze-mahallesinde-bir-araci-hedef-almasi-sonucu-2-sivil-sehit-dustu","status":"publish","type":"post","link":"https:\/\/archive.sana.sy\/tr\/?p=310404","title":{"rendered":"\u0130srail&#8217;in \u015eam&#8217;\u0131n Mezze Mahallesinde Bir Arac\u0131 Hedef Almas\u0131 Sonucu 2 Sivil \u015eehit D\u00fc\u015ft\u00fc"},"content":{"rendered":"<p style=\"text-align: justify;\"><strong>\u015eAM (SANA)<\/strong> &#8211;\u00a0 \u0130srail&#8217;in \u015eam&#8217;\u0131n Mezze mahallesinde bir arac\u0131 hedef almas\u0131 sonucu 2 sivil \u015fehit oldu.<\/p>\n<p style=\"text-align: justify;\">Askeri bir kaynak SANA&#8217;ya yapt\u0131\u011f\u0131 a\u00e7\u0131klamada \u015funlar\u0131 s\u00f6yledi: \u2018\u2019 Bug\u00fcn saat 17.17 s\u0131ralar\u0131nda d\u00fc\u015fman \u0130srail , \u015eam&#8217;\u0131n Mezze yerle\u015fim b\u00f6lgesinde sivil bir arac\u0131 hedef alan hava sald\u0131rganl\u0131\u011f\u0131 d\u00fczenledi. Bu da iki sivilin \u015fehit d\u00fc\u015fmesine, \u00fc\u00e7 sivilin\u00a0 yaralanmas\u0131na ve \u00e7evredeki \u00f6zel m\u00fclkte maddi hasara yol a\u00e7t\u0131.\u2019\u2019<\/p>\n<p style=\"text-align: center;\"><strong><a href=\"https:\/\/t.me\/SuriyeArapHaberAjansI\">Telegram Kanal\u0131m\u0131z\u00a0<\/a>||<a href=\"https:\/\/twitter.com\/arap_ajans\">X Platformumuz\u00a0<\/a>||<a href=\"https:\/\/www.facebook.com\/SANAHaberAjansi\/\">Facebook Sayfam\u0131z<\/a><\/strong><\/p>\n","protected":false},"excerpt":{"rendered":"<p>\u015eAM (SANA) &#8211;\u00a0 \u0130srail&#8217;in \u015eam&#8217;\u0131n Mezze mahallesinde bir arac\u0131 hedef almas\u0131 sonucu 2 sivil \u015fehit oldu. Askeri bir kaynak SANA&#8217;ya yapt\u0131\u011f\u0131 a\u00e7\u0131klamada \u015funlar\u0131 s\u00f6yledi: \u2018\u2019 Bug\u00fcn saat 17.17 s\u0131ralar\u0131nda d\u00fc\u015fman \u0130srail , \u015eam&#8217;\u0131n Mezze yerle\u015fim b\u00f6lgesinde sivil bir arac\u0131 hedef alan hava sald\u0131rganl\u0131\u011f\u0131 d\u00fczenledi. Bu da iki sivilin \u015fehit d\u00fc\u015fmesine, \u00fc\u00e7 sivilin\u00a0 yaralanmas\u0131na ve \u00e7evredeki &hellip;<\/p>\n","protected":false},"author":41,"featured_media":310405,"comment_status":"closed","ping_status":"closed","sticky":false,"template":"","format":"standard","meta":{"footnotes":""},"categories":[589,479,575,17988,478],"tags":[42713],"class_list":["post-310404","post","type-post","status-publish","format-standard","has-post-thumbnail","","category-haber-seridi","category-haberler-yerel","category-olaylar-ve-gercekler","category-son-haberler","category-yerel","tag-israilin-samin-mezze-mahallesinde-bir-araci-hedef-almasi-sonucu-2-sivil-sehit-dustu"],"_links":{"self":[{"href":"https:\/\/archive.sana.sy\/tr\/index.php?rest_route=\/wp\/v2\/posts\/310404","targetHints":{"allow":["GET"]}}],"collection":[{"href":"https:\/\/archive.sana.sy\/tr\/index.php?rest_route=\/wp\/v2\/posts"}],"about":[{"href":"https:\/\/archive.sana.sy\/tr\/index.php?rest_route=\/wp\/v2\/types\/post"}],"author":[{"embeddable":true,"href":"https:\/\/archive.sana.sy\/tr\/index.php?rest_route=\/wp\/v2\/users\/41"}],"replies":[{"embeddable":true,"href":"https:\/\/archive.sana.sy\/tr\/index.php?rest_route=%2Fwp%2Fv2%2Fcomments&post=310404"}],"version-history":[{"count":1,"href":"https:\/\/archive.sana.sy\/tr\/index.php?rest_route=\/wp\/v2\/posts\/310404\/revisions"}],"predecessor-version":[{"id":310406,"href":"https:\/\/archive.sana.sy\/tr\/index.php?rest_route=\/wp\/v2\/posts\/310404\/revisions\/310406"}],"wp:featuredmedia":[{"embeddable":true,"href":"https:\/\/archive.sana.sy\/tr\/index.php?rest_route=\/wp\/v2\/media\/310405"}],"wp:attachment":[{"href":"https:\/\/archive.sana.sy\/tr\/index.php?rest_route=%2Fwp%2Fv2%2Fmedia&parent=310404"}],"wp:term":[{"taxonomy":"category","embeddable":true,"href":"https:\/\/archive.sana.sy\/tr\/index.php?rest_route=%2Fwp%2Fv2%2Fcategories&post=310404"},{"taxonomy":"post_tag","embeddable":true,"href":"https:\/\/archive.sana.sy\/tr\/index.php?rest_route=%2Fwp%2Fv2%2Ftags&post=310404"}],"curies":[{"name":"wp","href":"https:\/\/api.w.org\/{rel}","templated":true}]}}