{"id":310413,"date":"2024-10-22T08:53:55","date_gmt":"2024-10-22T05:53:55","guid":{"rendered":"https:\/\/sana.sy\/tr\/?p=310413"},"modified":"2024-10-22T08:53:55","modified_gmt":"2024-10-22T05:53:55","slug":"lubnan-direnisi-iki-dusman-savas-ucagiyla-karsi-karsiya-geldi","status":"publish","type":"post","link":"https:\/\/archive.sana.sy\/tr\/?p=310413","title":{"rendered":"L\u00fcbnan Direni\u015fi \u0130ki D\u00fc\u015fman Sava\u015f U\u00e7a\u011f\u0131yla Kar\u015f\u0131 Kar\u015f\u0131ya Geldi"},"content":{"rendered":"<p style=\"text-align: justify;\"><strong>BEYRUT (SANA)<\/strong> \u2013 L\u00fcbnan direni\u015fi, L\u00fcbnan s\u0131n\u0131r\u0131ndaki baz\u0131 i\u015fgalci \u0130srail mevzilerini hedef alarak do\u011frudan isabetler sa\u011flad\u0131.<\/p>\n<p style=\"text-align: justify;\">L\u00fcbnan Direni\u015fi ayr\u0131 ayr\u0131 yapt\u0131\u011f\u0131 a\u00e7\u0131klamalarda, Gazze \u015eeridi&#8217;ndeki kararl\u0131 Filistin halk\u0131m\u0131z\u0131 ve onlar\u0131n yi\u011fit direni\u015fini desteklemek ve L\u00fcbnan&#8217;\u0131 ve halk\u0131n\u0131 savunmak i\u00e7in, hava savunma birliklerinin g\u00fcney L\u00fcbnan&#8217;daki Zahrani b\u00f6lgesi \u00fczerinde iki \u0130srail d\u00fc\u015fman askeri helikopterine karadan havaya f\u00fczelerle kar\u015f\u0131l\u0131k vererek hedeflerine ula\u015fmalar\u0131n\u0131 engelledi\u011fini ve onlar\u0131 b\u00f6lgenin hava sahas\u0131n\u0131 derhal terk etmeye zorlad\u0131\u011f\u0131n\u0131 belirtti.<\/p>\n<p style=\"text-align: justify;\">Direni\u015f ikinci a\u00e7\u0131klamas\u0131nda \u015fu ifadelere yer verildi: &#8221; Sava\u015f\u00e7\u0131lar\u0131m\u0131z Yifthah K\u0131\u015flas\u0131&#8217;na y\u00f6nelik, subay ve askerlerinin bulundu\u011fu yerleri hedef alan sald\u0131r\u0131 y\u00fcr\u00fcy\u00fc\u015fleriyle hava sald\u0131r\u0131s\u0131 d\u00fczenleyerek do\u011frudan isabetler sa\u011flad\u0131&#8221;.<\/p>\n<p style=\"text-align: justify;\">Direni\u015f \u00fc\u00e7\u00fcnc\u00fc a\u00e7\u0131klamas\u0131nda, sava\u015f\u00e7\u0131lar\u0131n\u0131n b\u00fcy\u00fck f\u00fczelerle Karmiel ve Kapri yerle\u015fimlerinin yan\u0131 s\u0131ra i\u015fgal edilen Filistin&#8217;in kuzeyindeki Ayelet Ha\u015fahar yerle\u015fimini ve i\u015fgal edilen Suriyeli Golan&#8217;\u0131ndaki Kela Yoav k\u0131\u015flas\u0131n\u0131 hedef ald\u0131\u011f\u0131n\u0131 ve do\u011frulanm\u0131\u015f kay\u0131plar verdi\u011fini a\u00e7\u0131klad\u0131.<\/p>\n<p style=\"text-align: justify;\">Direni\u015f bir di\u011fer a\u00e7\u0131klamas\u0131nda, sava\u015f\u00e7\u0131lar\u0131n\u0131n Zarit, \u015eomera ve Hallet Verde yerle\u015fimlerinde \u0130srail d\u00fc\u015fman g\u00fc\u00e7lerinden olu\u015fan bir toplulu\u011fu f\u00fczeleriyle hedef ald\u0131\u011f\u0131n\u0131 ve hedeflerini isabetli bir \u015fekilde vurdu\u011funa i\u015faret etti.<\/p>\n<p style=\"text-align: center;\"><strong><a href=\"https:\/\/t.me\/SuriyeArapHaberAjansI\">Telegram Kanal\u0131m\u0131z\u00a0<\/a>||<a href=\"https:\/\/twitter.com\/arap_ajans\">X Platformumuz\u00a0<\/a>||<a href=\"https:\/\/www.facebook.com\/SANAHaberAjansi\/\">Facebook Sayfam\u0131z<\/a><\/strong><\/p>\n","protected":false},"excerpt":{"rendered":"<p>BEYRUT (SANA) \u2013 L\u00fcbnan direni\u015fi, L\u00fcbnan s\u0131n\u0131r\u0131ndaki baz\u0131 i\u015fgalci \u0130srail mevzilerini hedef alarak do\u011frudan isabetler sa\u011flad\u0131. L\u00fcbnan Direni\u015fi ayr\u0131 ayr\u0131 yapt\u0131\u011f\u0131 a\u00e7\u0131klamalarda, Gazze \u015eeridi&#8217;ndeki kararl\u0131 Filistin halk\u0131m\u0131z\u0131 ve onlar\u0131n yi\u011fit direni\u015fini desteklemek ve L\u00fcbnan&#8217;\u0131 ve halk\u0131n\u0131 savunmak i\u00e7in, hava savunma birliklerinin g\u00fcney L\u00fcbnan&#8217;daki Zahrani b\u00f6lgesi \u00fczerinde iki \u0130srail d\u00fc\u015fman askeri helikopterine karadan havaya f\u00fczelerle kar\u015f\u0131l\u0131k &hellip;<\/p>\n","protected":false},"author":39,"featured_media":310414,"comment_status":"closed","ping_status":"closed","sticky":false,"template":"","format":"standard","meta":{"footnotes":""},"categories":[458,589,459,17988],"tags":[],"class_list":["post-310413","post","type-post","status-publish","format-standard","has-post-thumbnail","","category-dunya1","category-haber-seridi","category-haberler-arap-uluslararasi-politika","category-son-haberler"],"_links":{"self":[{"href":"https:\/\/archive.sana.sy\/tr\/index.php?rest_route=\/wp\/v2\/posts\/310413","targetHints":{"allow":["GET"]}}],"collection":[{"href":"https:\/\/archive.sana.sy\/tr\/index.php?rest_route=\/wp\/v2\/posts"}],"about":[{"href":"https:\/\/archive.sana.sy\/tr\/index.php?rest_route=\/wp\/v2\/types\/post"}],"author":[{"embeddable":true,"href":"https:\/\/archive.sana.sy\/tr\/index.php?rest_route=\/wp\/v2\/users\/39"}],"replies":[{"embeddable":true,"href":"https:\/\/archive.sana.sy\/tr\/index.php?rest_route=%2Fwp%2Fv2%2Fcomments&post=310413"}],"version-history":[{"count":1,"href":"https:\/\/archive.sana.sy\/tr\/index.php?rest_route=\/wp\/v2\/posts\/310413\/revisions"}],"predecessor-version":[{"id":310415,"href":"https:\/\/archive.sana.sy\/tr\/index.php?rest_route=\/wp\/v2\/posts\/310413\/revisions\/310415"}],"wp:featuredmedia":[{"embeddable":true,"href":"https:\/\/archive.sana.sy\/tr\/index.php?rest_route=\/wp\/v2\/media\/310414"}],"wp:attachment":[{"href":"https:\/\/archive.sana.sy\/tr\/index.php?rest_route=%2Fwp%2Fv2%2Fmedia&parent=310413"}],"wp:term":[{"taxonomy":"category","embeddable":true,"href":"https:\/\/archive.sana.sy\/tr\/index.php?rest_route=%2Fwp%2Fv2%2Fcategories&post=310413"},{"taxonomy":"post_tag","embeddable":true,"href":"https:\/\/archive.sana.sy\/tr\/index.php?rest_route=%2Fwp%2Fv2%2Ftags&post=310413"}],"curies":[{"name":"wp","href":"https:\/\/api.w.org\/{rel}","templated":true}]}}