{"id":310417,"date":"2024-10-22T10:45:21","date_gmt":"2024-10-22T07:45:21","guid":{"rendered":"https:\/\/sana.sy\/tr\/?p=310417"},"modified":"2024-10-22T10:48:05","modified_gmt":"2024-10-22T07:48:05","slug":"lubnan-direnisi-dusman-israilin-bolgelerini-fuzelerle-hedef-aldi","status":"publish","type":"post","link":"https:\/\/archive.sana.sy\/tr\/?p=310417","title":{"rendered":"L\u00fcbnan Direni\u015fi  \u0130srailli D\u00fc\u015fman\u0131n B\u00f6lgelerini F\u00fczelerle Hedef Ald\u0131"},"content":{"rendered":"<p style=\"text-align: justify;\">BEYRUT (SANA) \u2013L\u00fcbnan direni\u015fi bu sabah \u00fc\u00e7 \u0130srailli d\u00fc\u015fman\u0131n b\u00f6lgesini \u00f6zel f\u00fczelerle hedef ald\u0131.<\/p>\n<p style=\"text-align: justify;\">Direni\u015f, yapt\u0131\u011f\u0131 a\u00e7\u0131klamas\u0131nda, &#8220;Gazze \u015eeridi&#8217;ndeki kararl\u0131 Filistin halk\u0131m\u0131za, onlar\u0131n yi\u011fit direni\u015fine destek olarak, L\u00fcbnan&#8217;\u0131 ve halk\u0131n\u0131 savunmak i\u00e7in ve Siyonist d\u00fc\u015fman\u0131n sald\u0131rganl\u0131k ve katliamlar\u0131na yan\u0131t olarak, bu sabah direni\u015f, Tel Aviv yak\u0131nlar\u0131ndaki Nirit Kubbesini \u00f6zel f\u00fczelerle bombalad\u0131&#8221; dedi.<\/p>\n<p style=\"text-align: justify;\">Direni\u015f di\u011fer iki a\u00e7\u0131klamas\u0131nda \u015fu ifadelere yer verildi: &#8220;\u0130srail Askeri \u0130stihbarat Birimi 8200&#8217;e ait, Tel Aviv yak\u0131nlar\u0131ndaki Hayfa ve Glilot&#8217;un kuzeybat\u0131s\u0131ndaki Stella Maris deniz \u00fcslerini \u00f6zel f\u00fcze rampalar\u0131yla hedef ald\u0131&#8221;.<\/p>\n<p style=\"text-align: center;\"><strong><a href=\"https:\/\/t.me\/SuriyeArapHaberAjansI\">Telegram Kanal\u0131m\u0131z\u00a0<\/a>||<a href=\"https:\/\/twitter.com\/arap_ajans\">X Platformumuz\u00a0<\/a>||<a href=\"https:\/\/www.facebook.com\/SANAHaberAjansi\/\">Facebook Sayfam\u0131z<\/a><\/strong><\/p>\n","protected":false},"excerpt":{"rendered":"<p>BEYRUT (SANA) \u2013L\u00fcbnan direni\u015fi bu sabah \u00fc\u00e7 \u0130srailli d\u00fc\u015fman\u0131n b\u00f6lgesini \u00f6zel f\u00fczelerle hedef ald\u0131. Direni\u015f, yapt\u0131\u011f\u0131 a\u00e7\u0131klamas\u0131nda, &#8220;Gazze \u015eeridi&#8217;ndeki kararl\u0131 Filistin halk\u0131m\u0131za, onlar\u0131n yi\u011fit direni\u015fine destek olarak, L\u00fcbnan&#8217;\u0131 ve halk\u0131n\u0131 savunmak i\u00e7in ve Siyonist d\u00fc\u015fman\u0131n sald\u0131rganl\u0131k ve katliamlar\u0131na yan\u0131t olarak, bu sabah direni\u015f, Tel Aviv yak\u0131nlar\u0131ndaki Nirit Kubbesini \u00f6zel f\u00fczelerle bombalad\u0131&#8221; dedi. Direni\u015f di\u011fer iki &hellip;<\/p>\n","protected":false},"author":39,"featured_media":310419,"comment_status":"closed","ping_status":"closed","sticky":false,"template":"","format":"standard","meta":{"footnotes":""},"categories":[458,589,459,17988],"tags":[],"class_list":["post-310417","post","type-post","status-publish","format-standard","has-post-thumbnail","","category-dunya1","category-haber-seridi","category-haberler-arap-uluslararasi-politika","category-son-haberler"],"_links":{"self":[{"href":"https:\/\/archive.sana.sy\/tr\/index.php?rest_route=\/wp\/v2\/posts\/310417","targetHints":{"allow":["GET"]}}],"collection":[{"href":"https:\/\/archive.sana.sy\/tr\/index.php?rest_route=\/wp\/v2\/posts"}],"about":[{"href":"https:\/\/archive.sana.sy\/tr\/index.php?rest_route=\/wp\/v2\/types\/post"}],"author":[{"embeddable":true,"href":"https:\/\/archive.sana.sy\/tr\/index.php?rest_route=\/wp\/v2\/users\/39"}],"replies":[{"embeddable":true,"href":"https:\/\/archive.sana.sy\/tr\/index.php?rest_route=%2Fwp%2Fv2%2Fcomments&post=310417"}],"version-history":[{"count":3,"href":"https:\/\/archive.sana.sy\/tr\/index.php?rest_route=\/wp\/v2\/posts\/310417\/revisions"}],"predecessor-version":[{"id":310422,"href":"https:\/\/archive.sana.sy\/tr\/index.php?rest_route=\/wp\/v2\/posts\/310417\/revisions\/310422"}],"wp:featuredmedia":[{"embeddable":true,"href":"https:\/\/archive.sana.sy\/tr\/index.php?rest_route=\/wp\/v2\/media\/310419"}],"wp:attachment":[{"href":"https:\/\/archive.sana.sy\/tr\/index.php?rest_route=%2Fwp%2Fv2%2Fmedia&parent=310417"}],"wp:term":[{"taxonomy":"category","embeddable":true,"href":"https:\/\/archive.sana.sy\/tr\/index.php?rest_route=%2Fwp%2Fv2%2Fcategories&post=310417"},{"taxonomy":"post_tag","embeddable":true,"href":"https:\/\/archive.sana.sy\/tr\/index.php?rest_route=%2Fwp%2Fv2%2Ftags&post=310417"}],"curies":[{"name":"wp","href":"https:\/\/api.w.org\/{rel}","templated":true}]}}