{"id":310423,"date":"2024-10-22T11:09:14","date_gmt":"2024-10-22T08:09:14","guid":{"rendered":"https:\/\/sana.sy\/tr\/?p=310423"},"modified":"2024-10-22T11:10:34","modified_gmt":"2024-10-22T08:10:34","slug":"isgalci-israilin-gazze-seridinin-kuzeyinde-devam-eden-bombardimani-sonucu-23-filistinli-sehit-dustu","status":"publish","type":"post","link":"https:\/\/archive.sana.sy\/tr\/?p=310423","title":{"rendered":"\u0130\u015fgalci \u0130srail&#8217;in Gazze \u015eeridi&#8217;nin Kuzeyinde Devam Eden Bombard\u0131man\u0131 Sonucu 23 Filistinli \u015eehit D\u00fc\u015ft\u00fc"},"content":{"rendered":"<p style=\"text-align: justify;\">\u0130\u015eGAL ED\u0130LEN KUD\u00dcS (SANA) \u2013 \u0130\u015fgalci \u0130srail&#8217;in Gazze \u015eeridi&#8217;nin kuzeyinde devam eden i\u015fgal bombard\u0131man\u0131 sonucu bug\u00fcn \u015fafak vakti \u00e7o\u011fu \u00e7ocuk ve kad\u0131n 23 Filistinli \u015fehit d\u00fc\u015ft\u00fc, di\u011ferleri de yaraland\u0131.<\/p>\n<p style=\"text-align: justify;\">Filistinli medyas\u0131, \u0130srail&#8217;in Beyt Lahiya ve Cebeliye kamp\u0131ndaki m\u00fclteci toplant\u0131s\u0131n\u0131 hedef alan i\u015fgal top\u00e7u bombard\u0131man\u0131 sonucu 20 Filistinlinin \u015fehit d\u00fc\u015ft\u00fc\u011f\u00fcn\u00fc ve di\u011ferlerinin de yaraland\u0131\u011f\u0131n\u0131, ayr\u0131ca \u0130srail insans\u0131z hava arac\u0131n\u0131n Gazze \u015eeridi&#8217;nin kuzeyinde Filistinlilerin bir toplant\u0131s\u0131n\u0131 bombalamas\u0131 sonucu 3 ki\u015finin daha \u015fehit d\u00fc\u015ft\u00fc\u011f\u00fcn\u00fc belirtti.<\/p>\n<p style=\"text-align: justify;\">Medya ayr\u0131ca, \u0130srail i\u015fgal g\u00fc\u00e7lerinin, Kemal Edven Hastanesi ve Beyt Lahiya Proje Okulu&#8217;nda mahsur kalan on binlerce ki\u015fi i\u00e7in hoparl\u00f6rlerden Selahaddin Koridoru&#8217;na do\u011fru tahliye edilmesi veya b\u00f6lgeyi top\u00e7u ve u\u00e7aklarla bombalanmas\u0131 \u00e7a\u011fr\u0131s\u0131nda bulundu\u011funu kaydetti.<\/p>\n<p style=\"text-align: justify;\">\u0130\u015fgal, \u0130\u015fgalcinin Filistinlilere kar\u015f\u0131 y\u00fcr\u00fctt\u00fc\u011f\u00fc soyk\u0131r\u0131m ve etnik temizlik sava\u015f\u0131n\u0131n bir par\u00e7as\u0131 olarak, evleri y\u0131k\u0131p havaya u\u00e7urarak, su kuyular\u0131n\u0131 yok ederek, \u00fcst \u00fcste on sekizinci g\u00fcn g\u0131da maddelerinin giri\u015fini engelleyerek ve Filistinlileri zorla yerinden etmeye zorlayarak kuzey Gazze \u015eeridi&#8217;ndeki ku\u015fatmay\u0131 s\u00fcrd\u00fcr\u00fcyor.<\/p>\n<p style=\"text-align: center;\"><strong><a href=\"https:\/\/t.me\/SuriyeArapHaberAjansI\">Telegram Kanal\u0131m\u0131z\u00a0<\/a>||<a href=\"https:\/\/twitter.com\/arap_ajans\">X Platformumuz\u00a0<\/a>||<a href=\"https:\/\/www.facebook.com\/SANAHaberAjansi\/\">Facebook Sayfam\u0131z<\/a><\/strong><\/p>\n","protected":false},"excerpt":{"rendered":"<p>\u0130\u015eGAL ED\u0130LEN KUD\u00dcS (SANA) \u2013 \u0130\u015fgalci \u0130srail&#8217;in Gazze \u015eeridi&#8217;nin kuzeyinde devam eden i\u015fgal bombard\u0131man\u0131 sonucu bug\u00fcn \u015fafak vakti \u00e7o\u011fu \u00e7ocuk ve kad\u0131n 23 Filistinli \u015fehit d\u00fc\u015ft\u00fc, di\u011ferleri de yaraland\u0131. Filistinli medyas\u0131, \u0130srail&#8217;in Beyt Lahiya ve Cebeliye kamp\u0131ndaki m\u00fclteci toplant\u0131s\u0131n\u0131 hedef alan i\u015fgal top\u00e7u bombard\u0131man\u0131 sonucu 20 Filistinlinin \u015fehit d\u00fc\u015ft\u00fc\u011f\u00fcn\u00fc ve di\u011ferlerinin de yaraland\u0131\u011f\u0131n\u0131, ayr\u0131ca \u0130srail &hellip;<\/p>\n","protected":false},"author":39,"featured_media":310424,"comment_status":"closed","ping_status":"closed","sticky":false,"template":"","format":"standard","meta":{"footnotes":""},"categories":[458,589,459,17988],"tags":[],"class_list":["post-310423","post","type-post","status-publish","format-standard","has-post-thumbnail","","category-dunya1","category-haber-seridi","category-haberler-arap-uluslararasi-politika","category-son-haberler"],"_links":{"self":[{"href":"https:\/\/archive.sana.sy\/tr\/index.php?rest_route=\/wp\/v2\/posts\/310423","targetHints":{"allow":["GET"]}}],"collection":[{"href":"https:\/\/archive.sana.sy\/tr\/index.php?rest_route=\/wp\/v2\/posts"}],"about":[{"href":"https:\/\/archive.sana.sy\/tr\/index.php?rest_route=\/wp\/v2\/types\/post"}],"author":[{"embeddable":true,"href":"https:\/\/archive.sana.sy\/tr\/index.php?rest_route=\/wp\/v2\/users\/39"}],"replies":[{"embeddable":true,"href":"https:\/\/archive.sana.sy\/tr\/index.php?rest_route=%2Fwp%2Fv2%2Fcomments&post=310423"}],"version-history":[{"count":2,"href":"https:\/\/archive.sana.sy\/tr\/index.php?rest_route=\/wp\/v2\/posts\/310423\/revisions"}],"predecessor-version":[{"id":310426,"href":"https:\/\/archive.sana.sy\/tr\/index.php?rest_route=\/wp\/v2\/posts\/310423\/revisions\/310426"}],"wp:featuredmedia":[{"embeddable":true,"href":"https:\/\/archive.sana.sy\/tr\/index.php?rest_route=\/wp\/v2\/media\/310424"}],"wp:attachment":[{"href":"https:\/\/archive.sana.sy\/tr\/index.php?rest_route=%2Fwp%2Fv2%2Fmedia&parent=310423"}],"wp:term":[{"taxonomy":"category","embeddable":true,"href":"https:\/\/archive.sana.sy\/tr\/index.php?rest_route=%2Fwp%2Fv2%2Fcategories&post=310423"},{"taxonomy":"post_tag","embeddable":true,"href":"https:\/\/archive.sana.sy\/tr\/index.php?rest_route=%2Fwp%2Fv2%2Ftags&post=310423"}],"curies":[{"name":"wp","href":"https:\/\/api.w.org\/{rel}","templated":true}]}}