{"id":310427,"date":"2024-10-22T12:48:21","date_gmt":"2024-10-22T09:48:21","guid":{"rendered":"https:\/\/sana.sy\/tr\/?p=310427"},"modified":"2024-10-22T18:25:49","modified_gmt":"2024-10-22T15:25:49","slug":"iran-cumhurbaskani-siyonist-varligin-irana-yonelik-herhangi-bir-saldirganliginin-uygun-bir-karsilikla-karsilanacagini-vurguladi","status":"publish","type":"post","link":"https:\/\/archive.sana.sy\/tr\/?p=310427","title":{"rendered":"Peze\u015fkiyan, Siyonist Varl\u0131\u011f\u0131n \u0130ran&#8217;a Y\u00f6nelik Herhangi Bir Sald\u0131rganl\u0131\u011f\u0131n\u0131n Uygun Bir Kar\u015f\u0131l\u0131kla Kar\u015f\u0131lanaca\u011f\u0131n\u0131 Vurgulad\u0131"},"content":{"rendered":"<p style=\"text-align: justify;\"><strong>TAHRAN (SANA) \u2013 <\/strong>\u0130ran Cumhurba\u015fkan\u0131 Mesud Peze\u015fkiyan, Siyonist varl\u0131\u011f\u0131n \u00fclkesine yapaca\u011f\u0131 herhangi bir sald\u0131r\u0131n\u0131n uygun bir kar\u015f\u0131l\u0131kla kar\u015f\u0131lanaca\u011f\u0131n\u0131 vurgulad\u0131.<\/p>\n<p style=\"text-align: justify;\">Peze\u015fkiyan, Hamas siyasi b\u00fcrosu ba\u015fkan\u0131 Yahya Sinver&#8217;in \u015fehadeti nedeniyle Tahran&#8217;daki hareketin ofisinde taziyelerini sunarken, demokrasi ve insan haklar\u0131 talep eden h\u00fck\u00fcmet ve g\u00fc\u00e7lerin bizzat bu haklar\u0131 ihlal etti\u011fini vurgulad\u0131 ve bu g\u00fc\u00e7lerin, insanlar\u0131 evlerinden eden, topraklar\u0131na d\u00f6nmelerini engelleyen bir varl\u0131\u011f\u0131n h\u00fck\u00fcmetini destekledi\u011fini kaydetti.<\/p>\n<p style=\"text-align: justify;\">\u0130ran Cumhurba\u015fkan\u0131 ayr\u0131ca, &#8220;Amerika ve Avrupa&#8217;n\u0131n Siyonist varl\u0131\u011f\u0131n su\u00e7lar\u0131na ve onu silahland\u0131rmaya devam eden deste\u011fi \u0131\u015f\u0131\u011f\u0131nda kad\u0131nlar\u0131n, \u00e7ocuklar\u0131n ve insan haklar\u0131n\u0131 savundu\u011funu iddia eden uyanm\u0131\u015f vicdanlar nerede?&#8221; diye konu\u015ftu.<\/p>\n<p style=\"text-align: justify;\">Peze\u015fkiyan, b\u00f6lgedeki sava\u015f\u0131n bir veya daha fazla ki\u015finin \u00f6ld\u00fcr\u00fclmesiyle bitmeyece\u011fini, bu sava\u015f\u0131n ancak herkes i\u00e7in adalet ve insan haklar\u0131n\u0131n sa\u011flanmas\u0131yla sonland\u0131r\u0131labilece\u011fine de dikkat \u00e7ekti.<\/p>\n<p style=\"text-align: center;\"><strong><a href=\"https:\/\/t.me\/SuriyeArapHaberAjansI\">Telegram Kanal\u0131m\u0131z\u00a0<\/a>||<a href=\"https:\/\/twitter.com\/arap_ajans\">X Platformumuz\u00a0<\/a>||<a href=\"https:\/\/www.facebook.com\/SANAHaberAjansi\/\">Facebook Sayfam\u0131z<\/a><\/strong><\/p>\n","protected":false},"excerpt":{"rendered":"<p>TAHRAN (SANA) \u2013 \u0130ran Cumhurba\u015fkan\u0131 Mesud Peze\u015fkiyan, Siyonist varl\u0131\u011f\u0131n \u00fclkesine yapaca\u011f\u0131 herhangi bir sald\u0131r\u0131n\u0131n uygun bir kar\u015f\u0131l\u0131kla kar\u015f\u0131lanaca\u011f\u0131n\u0131 vurgulad\u0131. Peze\u015fkiyan, Hamas siyasi b\u00fcrosu ba\u015fkan\u0131 Yahya Sinver&#8217;in \u015fehadeti nedeniyle Tahran&#8217;daki hareketin ofisinde taziyelerini sunarken, demokrasi ve insan haklar\u0131 talep eden h\u00fck\u00fcmet ve g\u00fc\u00e7lerin bizzat bu haklar\u0131 ihlal etti\u011fini vurgulad\u0131 ve bu g\u00fc\u00e7lerin, insanlar\u0131 evlerinden eden, topraklar\u0131na &hellip;<\/p>\n","protected":false},"author":39,"featured_media":310428,"comment_status":"closed","ping_status":"closed","sticky":false,"template":"","format":"standard","meta":{"footnotes":""},"categories":[458,589,459,17988],"tags":[],"class_list":["post-310427","post","type-post","status-publish","format-standard","has-post-thumbnail","","category-dunya1","category-haber-seridi","category-haberler-arap-uluslararasi-politika","category-son-haberler"],"_links":{"self":[{"href":"https:\/\/archive.sana.sy\/tr\/index.php?rest_route=\/wp\/v2\/posts\/310427","targetHints":{"allow":["GET"]}}],"collection":[{"href":"https:\/\/archive.sana.sy\/tr\/index.php?rest_route=\/wp\/v2\/posts"}],"about":[{"href":"https:\/\/archive.sana.sy\/tr\/index.php?rest_route=\/wp\/v2\/types\/post"}],"author":[{"embeddable":true,"href":"https:\/\/archive.sana.sy\/tr\/index.php?rest_route=\/wp\/v2\/users\/39"}],"replies":[{"embeddable":true,"href":"https:\/\/archive.sana.sy\/tr\/index.php?rest_route=%2Fwp%2Fv2%2Fcomments&post=310427"}],"version-history":[{"count":4,"href":"https:\/\/archive.sana.sy\/tr\/index.php?rest_route=\/wp\/v2\/posts\/310427\/revisions"}],"predecessor-version":[{"id":310453,"href":"https:\/\/archive.sana.sy\/tr\/index.php?rest_route=\/wp\/v2\/posts\/310427\/revisions\/310453"}],"wp:featuredmedia":[{"embeddable":true,"href":"https:\/\/archive.sana.sy\/tr\/index.php?rest_route=\/wp\/v2\/media\/310428"}],"wp:attachment":[{"href":"https:\/\/archive.sana.sy\/tr\/index.php?rest_route=%2Fwp%2Fv2%2Fmedia&parent=310427"}],"wp:term":[{"taxonomy":"category","embeddable":true,"href":"https:\/\/archive.sana.sy\/tr\/index.php?rest_route=%2Fwp%2Fv2%2Fcategories&post=310427"},{"taxonomy":"post_tag","embeddable":true,"href":"https:\/\/archive.sana.sy\/tr\/index.php?rest_route=%2Fwp%2Fv2%2Ftags&post=310427"}],"curies":[{"name":"wp","href":"https:\/\/api.w.org\/{rel}","templated":true}]}}