{"id":310430,"date":"2024-10-22T09:01:50","date_gmt":"2024-10-22T06:01:50","guid":{"rendered":"https:\/\/sana.sy\/tr\/?p=310430"},"modified":"2024-10-22T18:21:28","modified_gmt":"2024-10-22T15:21:28","slug":"irak-direnisi-israilin-iki-dusman-bolgesini-ihalarla-hedef-aldi","status":"publish","type":"post","link":"https:\/\/archive.sana.sy\/tr\/?p=310430","title":{"rendered":"Irak Direni\u015fi \u0130srail&#8217;in \u0130ki D\u00fc\u015fman B\u00f6lgesini \u0130HA\u2019larla Hedef Ald\u0131"},"content":{"rendered":"<p style=\"text-align: justify;\"><strong>BA\u011eDAT (SANA) \u2013<\/strong> Irak direni\u015fi bug\u00fcn, i\u015fgal edilen Filistin topraklar\u0131nda d\u00fc\u015fman \u0130srail\u2019in iki hayati b\u00f6lgesini hedef ald\u0131.<\/p>\n<p style=\"text-align: justify;\">Irak direni\u015fi yapt\u0131\u011f\u0131 a\u00e7\u0131klamada \u015funlar\u0131 s\u00f6yledi: &#8220;\u0130\u015fgale direnme yakla\u015f\u0131m\u0131m\u0131z\u0131n devam\u0131 olarak, Filistin ve L\u00fcbnan&#8217;daki halk\u0131m\u0131za destek, ve gasp\u00e7\u0131 yap\u0131n\u0131n \u00e7ocuklar, kad\u0131nlar ve ya\u015fl\u0131lar da dahil olmak \u00fczere sivillere kar\u015f\u0131 ger\u00e7ekle\u015ftirdi\u011fi katliamlara yan\u0131t olarak, Irak&#8217;taki islami direni\u015f sava\u015f\u00e7\u0131lar\u0131 i\u015fgal edilen topraklar\u0131m\u0131zdaki Teberya&#8217;daki hayati bir hedefe insans\u0131z hava ara\u00e7lar\u0131n\u0131 kullanarak sald\u0131rd\u0131&#8221;.<\/p>\n<p style=\"text-align: justify;\">Direni\u015f ayr\u0131ca yapt\u0131\u011f\u0131 ayr\u0131 bir a\u00e7\u0131klamada, i\u015fgal edilen \u00dcrd\u00fcn Vadisi&#8217;nde d\u00fc\u015fman \u0130srail&#8217;in hayati bir hedefini insans\u0131z hava ara\u00e7lar\u0131yla hedef ald\u0131\u011f\u0131n\u0131 duyurdu.<\/p>\n<p style=\"text-align: justify;\">Direni\u015f yapt\u0131\u011f\u0131 a\u00e7\u0131klamada ayr\u0131ca, d\u00fc\u015fmana y\u00f6nelik operasyonlar\u0131n artan bir h\u0131zla devam etti\u011fini vurgulad\u0131.<\/p>\n<p style=\"text-align: center;\"><strong><a href=\"https:\/\/t.me\/SuriyeArapHaberAjansI\">Telegram Kanal\u0131m\u0131z\u00a0<\/a>||<a href=\"https:\/\/twitter.com\/arap_ajans\">X Platformumuz\u00a0<\/a>||<a href=\"https:\/\/www.facebook.com\/SANAHaberAjansi\/\">Facebook Sayfam\u0131z<\/a><\/strong><\/p>\n<p>&nbsp;<\/p>\n","protected":false},"excerpt":{"rendered":"<p>BA\u011eDAT (SANA) \u2013 Irak direni\u015fi bug\u00fcn, i\u015fgal edilen Filistin topraklar\u0131nda d\u00fc\u015fman \u0130srail\u2019in iki hayati b\u00f6lgesini hedef ald\u0131. Irak direni\u015fi yapt\u0131\u011f\u0131 a\u00e7\u0131klamada \u015funlar\u0131 s\u00f6yledi: &#8220;\u0130\u015fgale direnme yakla\u015f\u0131m\u0131m\u0131z\u0131n devam\u0131 olarak, Filistin ve L\u00fcbnan&#8217;daki halk\u0131m\u0131za destek, ve gasp\u00e7\u0131 yap\u0131n\u0131n \u00e7ocuklar, kad\u0131nlar ve ya\u015fl\u0131lar da dahil olmak \u00fczere sivillere kar\u015f\u0131 ger\u00e7ekle\u015ftirdi\u011fi katliamlara yan\u0131t olarak, Irak&#8217;taki islami direni\u015f sava\u015f\u00e7\u0131lar\u0131 i\u015fgal &hellip;<\/p>\n","protected":false},"author":39,"featured_media":310431,"comment_status":"closed","ping_status":"closed","sticky":false,"template":"","format":"standard","meta":{"footnotes":""},"categories":[458,589,459,17988],"tags":[],"class_list":["post-310430","post","type-post","status-publish","format-standard","has-post-thumbnail","","category-dunya1","category-haber-seridi","category-haberler-arap-uluslararasi-politika","category-son-haberler"],"_links":{"self":[{"href":"https:\/\/archive.sana.sy\/tr\/index.php?rest_route=\/wp\/v2\/posts\/310430","targetHints":{"allow":["GET"]}}],"collection":[{"href":"https:\/\/archive.sana.sy\/tr\/index.php?rest_route=\/wp\/v2\/posts"}],"about":[{"href":"https:\/\/archive.sana.sy\/tr\/index.php?rest_route=\/wp\/v2\/types\/post"}],"author":[{"embeddable":true,"href":"https:\/\/archive.sana.sy\/tr\/index.php?rest_route=\/wp\/v2\/users\/39"}],"replies":[{"embeddable":true,"href":"https:\/\/archive.sana.sy\/tr\/index.php?rest_route=%2Fwp%2Fv2%2Fcomments&post=310430"}],"version-history":[{"count":1,"href":"https:\/\/archive.sana.sy\/tr\/index.php?rest_route=\/wp\/v2\/posts\/310430\/revisions"}],"predecessor-version":[{"id":310432,"href":"https:\/\/archive.sana.sy\/tr\/index.php?rest_route=\/wp\/v2\/posts\/310430\/revisions\/310432"}],"wp:featuredmedia":[{"embeddable":true,"href":"https:\/\/archive.sana.sy\/tr\/index.php?rest_route=\/wp\/v2\/media\/310431"}],"wp:attachment":[{"href":"https:\/\/archive.sana.sy\/tr\/index.php?rest_route=%2Fwp%2Fv2%2Fmedia&parent=310430"}],"wp:term":[{"taxonomy":"category","embeddable":true,"href":"https:\/\/archive.sana.sy\/tr\/index.php?rest_route=%2Fwp%2Fv2%2Fcategories&post=310430"},{"taxonomy":"post_tag","embeddable":true,"href":"https:\/\/archive.sana.sy\/tr\/index.php?rest_route=%2Fwp%2Fv2%2Ftags&post=310430"}],"curies":[{"name":"wp","href":"https:\/\/api.w.org\/{rel}","templated":true}]}}