{"id":310433,"date":"2024-10-22T13:21:37","date_gmt":"2024-10-22T10:21:37","guid":{"rendered":"https:\/\/sana.sy\/tr\/?p=310433"},"modified":"2024-10-22T16:07:42","modified_gmt":"2024-10-22T13:07:42","slug":"isgalci-israil-lubnandaki-kasaba-ve-koyleri-bombalamaya-devam-ediyor","status":"publish","type":"post","link":"https:\/\/archive.sana.sy\/tr\/?p=310433","title":{"rendered":"\u0130\u015fgalci \u0130srail L\u00fcbnan&#8217;daki Kasaba Ve K\u00f6yleri Bombalamaya Devam Ediyor"},"content":{"rendered":"<p style=\"text-align: justify;\"><strong>BEYRUT (SANA) &#8211;<\/strong> D\u00fc\u015fman \u0130srail u\u00e7aklar\u0131 bug\u00fcn L\u00fcbnan&#8217;\u0131n baz\u0131 b\u00f6lgelerindeki k\u00f6y ve kasabalara y\u00f6nelik hava sald\u0131rganl\u0131klar\u0131n\u0131 yeniledi.<\/p>\n<p style=\"text-align: justify;\">L\u00fcbnanl\u0131 Ulusal Haber Ajans\u0131, d\u00fc\u015fman sava\u015f u\u00e7aklar\u0131n\u0131n bu sabah Yater, Kafra, Tayr Harfa, Cibin, \u015eeyatiyah ve Yahmur \u015ekef kasabalar\u0131na hava sald\u0131rganl\u0131\u011f\u0131 d\u00fczenledi\u011fini, bir d\u00fc\u015fman insans\u0131z hava arac\u0131n\u0131n da El Sakskiyah ile Sarafand aras\u0131ndaki b\u00f6lgeyi hedef ald\u0131\u011f\u0131n\u0131 bildirdi.<\/p>\n<p style=\"text-align: justify;\">D\u00fcn gece ge\u00e7 saatlerde d\u00fc\u015fman u\u00e7aklar\u0131 Baalbek&#8217;in bat\u0131s\u0131ndaki Arnun ve Tarya kasabalar\u0131na, Labbana mahallesindeki bir binaya da hava sald\u0131rganl\u0131\u011f\u0131 d\u00fczenleyerek y\u0131k\u0131lmas\u0131na ve \u00e7ok say\u0131da can kayb\u0131na yol a\u00e7m\u0131\u015ft\u0131.<\/p>\n<p style=\"text-align: center;\"><strong><a href=\"https:\/\/t.me\/SuriyeArapHaberAjansI\">Telegram Kanal\u0131m\u0131z\u00a0<\/a>||<a href=\"https:\/\/twitter.com\/arap_ajans\">X Platformumuz\u00a0<\/a>||<a href=\"https:\/\/www.facebook.com\/SANAHaberAjansi\/\">Facebook Sayfam\u0131z<\/a><\/strong><\/p>\n","protected":false},"excerpt":{"rendered":"<p>BEYRUT (SANA) &#8211; D\u00fc\u015fman \u0130srail u\u00e7aklar\u0131 bug\u00fcn L\u00fcbnan&#8217;\u0131n baz\u0131 b\u00f6lgelerindeki k\u00f6y ve kasabalara y\u00f6nelik hava sald\u0131rganl\u0131klar\u0131n\u0131 yeniledi. L\u00fcbnanl\u0131 Ulusal Haber Ajans\u0131, d\u00fc\u015fman sava\u015f u\u00e7aklar\u0131n\u0131n bu sabah Yater, Kafra, Tayr Harfa, Cibin, \u015eeyatiyah ve Yahmur \u015ekef kasabalar\u0131na hava sald\u0131rganl\u0131\u011f\u0131 d\u00fczenledi\u011fini, bir d\u00fc\u015fman insans\u0131z hava arac\u0131n\u0131n da El Sakskiyah ile Sarafand aras\u0131ndaki b\u00f6lgeyi hedef ald\u0131\u011f\u0131n\u0131 bildirdi. D\u00fcn &hellip;<\/p>\n","protected":false},"author":39,"featured_media":310434,"comment_status":"closed","ping_status":"closed","sticky":false,"template":"","format":"standard","meta":{"footnotes":""},"categories":[458,589,459,17988],"tags":[42715],"class_list":["post-310433","post","type-post","status-publish","format-standard","has-post-thumbnail","","category-dunya1","category-haber-seridi","category-haberler-arap-uluslararasi-politika","category-son-haberler","tag-isgalci-israil-lubnandaki-kasaba-ve-koyleri-bombalamaya-devam-ediyor"],"_links":{"self":[{"href":"https:\/\/archive.sana.sy\/tr\/index.php?rest_route=\/wp\/v2\/posts\/310433","targetHints":{"allow":["GET"]}}],"collection":[{"href":"https:\/\/archive.sana.sy\/tr\/index.php?rest_route=\/wp\/v2\/posts"}],"about":[{"href":"https:\/\/archive.sana.sy\/tr\/index.php?rest_route=\/wp\/v2\/types\/post"}],"author":[{"embeddable":true,"href":"https:\/\/archive.sana.sy\/tr\/index.php?rest_route=\/wp\/v2\/users\/39"}],"replies":[{"embeddable":true,"href":"https:\/\/archive.sana.sy\/tr\/index.php?rest_route=%2Fwp%2Fv2%2Fcomments&post=310433"}],"version-history":[{"count":3,"href":"https:\/\/archive.sana.sy\/tr\/index.php?rest_route=\/wp\/v2\/posts\/310433\/revisions"}],"predecessor-version":[{"id":310440,"href":"https:\/\/archive.sana.sy\/tr\/index.php?rest_route=\/wp\/v2\/posts\/310433\/revisions\/310440"}],"wp:featuredmedia":[{"embeddable":true,"href":"https:\/\/archive.sana.sy\/tr\/index.php?rest_route=\/wp\/v2\/media\/310434"}],"wp:attachment":[{"href":"https:\/\/archive.sana.sy\/tr\/index.php?rest_route=%2Fwp%2Fv2%2Fmedia&parent=310433"}],"wp:term":[{"taxonomy":"category","embeddable":true,"href":"https:\/\/archive.sana.sy\/tr\/index.php?rest_route=%2Fwp%2Fv2%2Fcategories&post=310433"},{"taxonomy":"post_tag","embeddable":true,"href":"https:\/\/archive.sana.sy\/tr\/index.php?rest_route=%2Fwp%2Fv2%2Ftags&post=310433"}],"curies":[{"name":"wp","href":"https:\/\/api.w.org\/{rel}","templated":true}]}}