{"id":310441,"date":"2024-10-22T11:13:15","date_gmt":"2024-10-22T08:13:15","guid":{"rendered":"https:\/\/sana.sy\/tr\/?p=310441"},"modified":"2024-10-22T16:31:25","modified_gmt":"2024-10-22T13:31:25","slug":"afif-amerika-lubnana-yonelik-saldirganliginin-ortagidir-ve-direnis-operasyonlari-artmaya-devam-ediyor","status":"publish","type":"post","link":"https:\/\/archive.sana.sy\/tr\/?p=310441","title":{"rendered":"Afif: Amerika, L\u00fcbnan&#8217;a Y\u00f6nelik Sald\u0131rganl\u0131\u011f\u0131n Orta\u011f\u0131d\u0131r Ve Direni\u015f Operasyonlar\u0131 Artmaya Devam Ediyor"},"content":{"rendered":"<p style=\"text-align: justify;\"><strong>BEYRUT (SANA) &#8211;<\/strong> Hizbullah medya ili\u015fkileri yetkilisi Muhammed Afif, \u0130srail&#8217;in L\u00fcbnan ve halk\u0131na y\u00f6nelik sald\u0131r\u0131lar\u0131nda ABD&#8217;nin ortak oldu\u011funu ve d\u00fc\u015fmana silah ve m\u00fchimmat sa\u011flayan taraf oldu\u011funu do\u011frulayarak, direni\u015fin yeteneklerini yeniden kazand\u0131\u011f\u0131n\u0131 ve operasyonlar\u0131n\u0131n artarak devam etti\u011fini kaydetti.<\/p>\n<p style=\"text-align: justify;\">Afif bug\u00fcn d\u00fczenledi\u011fi bas\u0131n toplant\u0131s\u0131nda, &#8220;Halk\u0131m\u0131z\u0131 etkileyen menfur katliamlar\u0131n birinci derecede sorumlusu ABD&#8217;dir ve onun el\u00e7isinin Beyrut&#8217;a gelmesi ter\u00f6r\u00fcn kayna\u011f\u0131 oldu\u011fu y\u00f6n\u00fcndeki a\u00e7\u0131klamay\u0131 de\u011fi\u015ftirmeyecektir&#8221; diyerek, &#8220;Ate\u015f alt\u0131nda m\u00fczakerelerin kabul edilemeyece\u011fini, ate\u015fle al\u0131nmayan\u0131n siyasetle iade edilemeyece\u011fini&#8221; vurgulad\u0131.<\/p>\n<p style=\"text-align: justify;\">Afif, Sezariye operasyonunda ve Binyamin Netanyahu&#8217;nun evinin hedef al\u0131nmas\u0131nda L\u00fcbnan direni\u015finin tam ve m\u00fcnhas\u0131r sorumlulu\u011funu duyurarak, &#8220;Direni\u015fin g\u00f6zleri g\u00f6r\u00fcyor&#8230; ve e\u011fer bu kez ellerimiz size ula\u015fmazsa, o zaman sizinle aram\u0131zda g\u00fcnler, geceler ve sava\u015f alan\u0131 vard\u0131r&#8221; dedi.<\/p>\n<p style=\"text-align: justify;\">Afif ayr\u0131ca, d\u00fc\u015fman\u0131n artan operasyonlar\u0131 nedeniyle a\u011f\u0131r can ve tank kay\u0131plar\u0131na yol a\u00e7mas\u0131 nedeniyle L\u00fcbnan direni\u015fine y\u00f6nelik askeri ve lojistik destek hatlar\u0131n\u0131n eski durumuna d\u00f6nd\u00fc\u011f\u00fcn\u00fc do\u011frularken d\u00fc\u015fman \u0130srail\u2019in &#8220;yerle\u015fim ve sivil b\u00f6lgelerde silah depolar\u0131 ve silah geli\u015ftirme merkezlerinin varl\u0131\u011f\u0131&#8221; y\u00f6n\u00fcndeki konu\u015fmalar\u0131n\u0131n zay\u0131f ve temelsiz bahaneler oldu\u011funu de\u011ferlendirdi.<\/p>\n<p style=\"text-align: justify;\">Afif a\u00e7\u0131klamas\u0131nda da, \u0130srail\u2019in, esirlerimizin can ve sa\u011fl\u0131klar\u0131n\u0131 koruma sorumlulu\u011funu ta\u015f\u0131d\u0131\u011f\u0131n\u0131, bask\u0131 alt\u0131ndaki tutuklulardan al\u0131nan ifade ve a\u00e7\u0131klamalar\u0131n hi\u00e7bir de\u011ferinin bulunmad\u0131\u011f\u0131na dikkat \u00e7ekti.<\/p>\n<p style=\"text-align: center;\"><strong><a href=\"https:\/\/t.me\/SuriyeArapHaberAjansI\">Telegram Kanal\u0131m\u0131z\u00a0<\/a>||<a href=\"https:\/\/twitter.com\/arap_ajans\">X Platformumuz\u00a0<\/a>||<a href=\"https:\/\/www.facebook.com\/SANAHaberAjansi\/\">Facebook Sayfam\u0131z<\/a><\/strong><\/p>\n","protected":false},"excerpt":{"rendered":"<p>BEYRUT (SANA) &#8211; Hizbullah medya ili\u015fkileri yetkilisi Muhammed Afif, \u0130srail&#8217;in L\u00fcbnan ve halk\u0131na y\u00f6nelik sald\u0131r\u0131lar\u0131nda ABD&#8217;nin ortak oldu\u011funu ve d\u00fc\u015fmana silah ve m\u00fchimmat sa\u011flayan taraf oldu\u011funu do\u011frulayarak, direni\u015fin yeteneklerini yeniden kazand\u0131\u011f\u0131n\u0131 ve operasyonlar\u0131n\u0131n artarak devam etti\u011fini kaydetti. Afif bug\u00fcn d\u00fczenledi\u011fi bas\u0131n toplant\u0131s\u0131nda, &#8220;Halk\u0131m\u0131z\u0131 etkileyen menfur katliamlar\u0131n birinci derecede sorumlusu ABD&#8217;dir ve onun el\u00e7isinin Beyrut&#8217;a gelmesi &hellip;<\/p>\n","protected":false},"author":41,"featured_media":310442,"comment_status":"closed","ping_status":"closed","sticky":false,"template":"","format":"standard","meta":{"footnotes":""},"categories":[458,589,459,17988],"tags":[42716,42717],"class_list":["post-310441","post","type-post","status-publish","format-standard","has-post-thumbnail","","category-dunya1","category-haber-seridi","category-haberler-arap-uluslararasi-politika","category-son-haberler","tag-afif-amerika","tag-lubnana-yonelik-saldirganliginin-ortagidir-ve-direnis-operasyonlari-artmaya-devam-ediyor"],"_links":{"self":[{"href":"https:\/\/archive.sana.sy\/tr\/index.php?rest_route=\/wp\/v2\/posts\/310441","targetHints":{"allow":["GET"]}}],"collection":[{"href":"https:\/\/archive.sana.sy\/tr\/index.php?rest_route=\/wp\/v2\/posts"}],"about":[{"href":"https:\/\/archive.sana.sy\/tr\/index.php?rest_route=\/wp\/v2\/types\/post"}],"author":[{"embeddable":true,"href":"https:\/\/archive.sana.sy\/tr\/index.php?rest_route=\/wp\/v2\/users\/41"}],"replies":[{"embeddable":true,"href":"https:\/\/archive.sana.sy\/tr\/index.php?rest_route=%2Fwp%2Fv2%2Fcomments&post=310441"}],"version-history":[{"count":2,"href":"https:\/\/archive.sana.sy\/tr\/index.php?rest_route=\/wp\/v2\/posts\/310441\/revisions"}],"predecessor-version":[{"id":310444,"href":"https:\/\/archive.sana.sy\/tr\/index.php?rest_route=\/wp\/v2\/posts\/310441\/revisions\/310444"}],"wp:featuredmedia":[{"embeddable":true,"href":"https:\/\/archive.sana.sy\/tr\/index.php?rest_route=\/wp\/v2\/media\/310442"}],"wp:attachment":[{"href":"https:\/\/archive.sana.sy\/tr\/index.php?rest_route=%2Fwp%2Fv2%2Fmedia&parent=310441"}],"wp:term":[{"taxonomy":"category","embeddable":true,"href":"https:\/\/archive.sana.sy\/tr\/index.php?rest_route=%2Fwp%2Fv2%2Fcategories&post=310441"},{"taxonomy":"post_tag","embeddable":true,"href":"https:\/\/archive.sana.sy\/tr\/index.php?rest_route=%2Fwp%2Fv2%2Ftags&post=310441"}],"curies":[{"name":"wp","href":"https:\/\/api.w.org\/{rel}","templated":true}]}}