{"id":310445,"date":"2024-10-22T13:24:35","date_gmt":"2024-10-22T10:24:35","guid":{"rendered":"https:\/\/sana.sy\/tr\/?p=310445"},"modified":"2024-10-22T17:32:00","modified_gmt":"2024-10-22T14:32:00","slug":"rus-gucleri-kurskta-340tan-fazla-ukraynali-askeri-oldurdu","status":"publish","type":"post","link":"https:\/\/archive.sana.sy\/tr\/?p=310445","title":{"rendered":"Rus G\u00fc\u00e7leri Kursk&#8217;ta 340&#8217;tan Fazla Ukraynal\u0131 Askeri \u00d6ld\u00fcrd\u00fc"},"content":{"rendered":"<p style=\"text-align: justify;\"><strong>MOSKOVA (SANA)<\/strong> &#8211;\u00a0 Rusya Savunma Bakanl\u0131\u011f\u0131, Kursk vilayetine s\u0131zan ve a\u011f\u0131r can ve te\u00e7hizat kay\u0131plar\u0131na yol a\u00e7an Kiev rejimi g\u00fc\u00e7lerine ait gruplar\u0131 takip etmek amac\u0131yla g\u00fc\u00e7lerinin muharebe misyonlar\u0131na devam etti\u011fini duyurdu.<\/p>\n<p style=\"text-align: justify;\">Bakanl\u0131k bug\u00fcn yapt\u0131\u011f\u0131 a\u00e7\u0131klamada, son 24 saatte Kursk&#8217;taki b\u00f6lgelerde ya\u015fanan \u00e7at\u0131\u015fmalarda g\u00fc\u00e7lerinin 340&#8217;tan fazla Ukrayna askerini etkisiz hale getirdi\u011fini, 3 tank ve \u00e7ok say\u0131da z\u0131rhl\u0131 arac\u0131 imha etti\u011fini belirtti.<\/p>\n<p style=\"text-align: justify;\">A\u00e7\u0131klamada ayr\u0131ca, Kiev rejim g\u00fc\u00e7lerinin ge\u00e7ti\u011fimiz A\u011fustos ay\u0131nda Kursk ekseninde ba\u015flayan \u00e7at\u0131\u015fmalarda di\u011fer te\u00e7hizat\u0131n yan\u0131 s\u0131ra toplam kayb\u0131n\u0131n 25 bin 662 asker, 172 tank ve 38 f\u00fcze rampas\u0131 oldu\u011fu kaydedildi.<\/p>\n<p style=\"text-align: center;\"><strong><a href=\"https:\/\/t.me\/SuriyeArapHaberAjansI\">Telegram Kanal\u0131m\u0131z\u00a0<\/a>||<a href=\"https:\/\/twitter.com\/arap_ajans\">X Platformumuz\u00a0<\/a>||<a href=\"https:\/\/www.facebook.com\/SANAHaberAjansi\/\">Facebook Sayfam\u0131z<\/a><\/strong><\/p>\n","protected":false},"excerpt":{"rendered":"<p>MOSKOVA (SANA) &#8211;\u00a0 Rusya Savunma Bakanl\u0131\u011f\u0131, Kursk vilayetine s\u0131zan ve a\u011f\u0131r can ve te\u00e7hizat kay\u0131plar\u0131na yol a\u00e7an Kiev rejimi g\u00fc\u00e7lerine ait gruplar\u0131 takip etmek amac\u0131yla g\u00fc\u00e7lerinin muharebe misyonlar\u0131na devam etti\u011fini duyurdu. Bakanl\u0131k bug\u00fcn yapt\u0131\u011f\u0131 a\u00e7\u0131klamada, son 24 saatte Kursk&#8217;taki b\u00f6lgelerde ya\u015fanan \u00e7at\u0131\u015fmalarda g\u00fc\u00e7lerinin 340&#8217;tan fazla Ukrayna askerini etkisiz hale getirdi\u011fini, 3 tank ve \u00e7ok say\u0131da &hellip;<\/p>\n","protected":false},"author":41,"featured_media":310446,"comment_status":"closed","ping_status":"closed","sticky":false,"template":"","format":"standard","meta":{"footnotes":""},"categories":[458,589,459,17988],"tags":[],"class_list":["post-310445","post","type-post","status-publish","format-standard","has-post-thumbnail","","category-dunya1","category-haber-seridi","category-haberler-arap-uluslararasi-politika","category-son-haberler"],"_links":{"self":[{"href":"https:\/\/archive.sana.sy\/tr\/index.php?rest_route=\/wp\/v2\/posts\/310445","targetHints":{"allow":["GET"]}}],"collection":[{"href":"https:\/\/archive.sana.sy\/tr\/index.php?rest_route=\/wp\/v2\/posts"}],"about":[{"href":"https:\/\/archive.sana.sy\/tr\/index.php?rest_route=\/wp\/v2\/types\/post"}],"author":[{"embeddable":true,"href":"https:\/\/archive.sana.sy\/tr\/index.php?rest_route=\/wp\/v2\/users\/41"}],"replies":[{"embeddable":true,"href":"https:\/\/archive.sana.sy\/tr\/index.php?rest_route=%2Fwp%2Fv2%2Fcomments&post=310445"}],"version-history":[{"count":1,"href":"https:\/\/archive.sana.sy\/tr\/index.php?rest_route=\/wp\/v2\/posts\/310445\/revisions"}],"predecessor-version":[{"id":310447,"href":"https:\/\/archive.sana.sy\/tr\/index.php?rest_route=\/wp\/v2\/posts\/310445\/revisions\/310447"}],"wp:featuredmedia":[{"embeddable":true,"href":"https:\/\/archive.sana.sy\/tr\/index.php?rest_route=\/wp\/v2\/media\/310446"}],"wp:attachment":[{"href":"https:\/\/archive.sana.sy\/tr\/index.php?rest_route=%2Fwp%2Fv2%2Fmedia&parent=310445"}],"wp:term":[{"taxonomy":"category","embeddable":true,"href":"https:\/\/archive.sana.sy\/tr\/index.php?rest_route=%2Fwp%2Fv2%2Fcategories&post=310445"},{"taxonomy":"post_tag","embeddable":true,"href":"https:\/\/archive.sana.sy\/tr\/index.php?rest_route=%2Fwp%2Fv2%2Ftags&post=310445"}],"curies":[{"name":"wp","href":"https:\/\/api.w.org\/{rel}","templated":true}]}}