{"id":310454,"date":"2024-10-23T10:35:56","date_gmt":"2024-10-23T07:35:56","guid":{"rendered":"https:\/\/sana.sy\/tr\/?p=310454"},"modified":"2024-10-23T10:36:06","modified_gmt":"2024-10-23T07:36:06","slug":"isgal-guclerinin-bati-seriada-bircok-bolgeye-duzenledigi-baskinlarda-bir-filistinli-yaralandi-7-kisi-de-tutuklandi","status":"publish","type":"post","link":"https:\/\/archive.sana.sy\/tr\/?p=310454","title":{"rendered":"\u0130\u015fgal G\u00fc\u00e7lerinin Bat\u0131 \u015eeria&#8217;da Bir\u00e7ok B\u00f6lgeye D\u00fczenledi\u011fi Bask\u0131nlarda Bir Filistinli Yaraland\u0131, 7 Ki\u015fi De Tutukland\u0131"},"content":{"rendered":"<p><strong>\u0130\u015eGAL ED\u0130LEN KUD\u00dcS (SANA) &#8211; <\/strong>\u0130srail i\u015fgal g\u00fc\u00e7lerinin Bat\u0131 \u015eeria&#8217;n\u0131n \u00e7e\u015fitli b\u00f6lgelerine d\u00fczenledi\u011fi bask\u0131nlarda bu sabah bir Filistinli yaraland\u0131, yedi ki\u015fi de tutukland\u0131.<\/p>\n<p>Filistinli WAFA Haber Ajans\u0131, i\u015fgal g\u00fc\u00e7lerinin El Halil&#8217;in kuzeyindeki Halhul kasabas\u0131na bask\u0131n d\u00fczenledi\u011fini ve kur\u015funlar ve zehirli gaz bombalar\u0131 aras\u0131nda bir\u00e7ok mahalle ve caddede askeri konu\u015fland\u0131rmay\u0131 g\u00fc\u00e7lendirdi\u011fini ve bunun sonucunda bir \u00e7ocu\u011fun yaralanmas\u0131na yol a\u00e7t\u0131\u011f\u0131n\u0131 bildirdi.<\/p>\n<p>\u0130\u015fgal g\u00fc\u00e7leri ayr\u0131ca Salfit&#8217;in bat\u0131s\u0131ndaki El-Zaviye kasabas\u0131n\u0131, Ramallah&#8217;\u0131n kuzeyindeki Celjaliya k\u00f6y\u00fcne, Kalkilya \u015fehrine, Tubas&#8217;\u0131n kuzeyindeki Akabe kasabas\u0131na ve i\u015fgal alt\u0131ndaki Kud\u00fcs&#8217;\u00fcn kuzeydo\u011fusundaki Al-Issawiya kasabas\u0131na da bask\u0131n d\u00fczenleyerek 7 Filistinliyi tutuklad\u0131.<\/p>\n<p style=\"text-align: center;\"><strong><a href=\"https:\/\/t.me\/SuriyeArapHaberAjansI\">Telegram Kanal\u0131m\u0131z\u00a0<\/a>||<a href=\"https:\/\/twitter.com\/arap_ajans\">X Platformumuz\u00a0<\/a>||<a href=\"https:\/\/www.facebook.com\/SANAHaberAjansi\/\">Facebook Sayfam\u0131z<\/a><\/strong><\/p>\n<p>&nbsp;<\/p>\n","protected":false},"excerpt":{"rendered":"<p>\u0130\u015eGAL ED\u0130LEN KUD\u00dcS (SANA) &#8211; \u0130srail i\u015fgal g\u00fc\u00e7lerinin Bat\u0131 \u015eeria&#8217;n\u0131n \u00e7e\u015fitli b\u00f6lgelerine d\u00fczenledi\u011fi bask\u0131nlarda bu sabah bir Filistinli yaraland\u0131, yedi ki\u015fi de tutukland\u0131. Filistinli WAFA Haber Ajans\u0131, i\u015fgal g\u00fc\u00e7lerinin El Halil&#8217;in kuzeyindeki Halhul kasabas\u0131na bask\u0131n d\u00fczenledi\u011fini ve kur\u015funlar ve zehirli gaz bombalar\u0131 aras\u0131nda bir\u00e7ok mahalle ve caddede askeri konu\u015fland\u0131rmay\u0131 g\u00fc\u00e7lendirdi\u011fini ve bunun sonucunda bir \u00e7ocu\u011fun &hellip;<\/p>\n","protected":false},"author":36,"featured_media":310455,"comment_status":"closed","ping_status":"closed","sticky":false,"template":"","format":"standard","meta":{"footnotes":""},"categories":[458,589,459,17988],"tags":[],"class_list":["post-310454","post","type-post","status-publish","format-standard","has-post-thumbnail","","category-dunya1","category-haber-seridi","category-haberler-arap-uluslararasi-politika","category-son-haberler"],"_links":{"self":[{"href":"https:\/\/archive.sana.sy\/tr\/index.php?rest_route=\/wp\/v2\/posts\/310454","targetHints":{"allow":["GET"]}}],"collection":[{"href":"https:\/\/archive.sana.sy\/tr\/index.php?rest_route=\/wp\/v2\/posts"}],"about":[{"href":"https:\/\/archive.sana.sy\/tr\/index.php?rest_route=\/wp\/v2\/types\/post"}],"author":[{"embeddable":true,"href":"https:\/\/archive.sana.sy\/tr\/index.php?rest_route=\/wp\/v2\/users\/36"}],"replies":[{"embeddable":true,"href":"https:\/\/archive.sana.sy\/tr\/index.php?rest_route=%2Fwp%2Fv2%2Fcomments&post=310454"}],"version-history":[{"count":1,"href":"https:\/\/archive.sana.sy\/tr\/index.php?rest_route=\/wp\/v2\/posts\/310454\/revisions"}],"predecessor-version":[{"id":310456,"href":"https:\/\/archive.sana.sy\/tr\/index.php?rest_route=\/wp\/v2\/posts\/310454\/revisions\/310456"}],"wp:featuredmedia":[{"embeddable":true,"href":"https:\/\/archive.sana.sy\/tr\/index.php?rest_route=\/wp\/v2\/media\/310455"}],"wp:attachment":[{"href":"https:\/\/archive.sana.sy\/tr\/index.php?rest_route=%2Fwp%2Fv2%2Fmedia&parent=310454"}],"wp:term":[{"taxonomy":"category","embeddable":true,"href":"https:\/\/archive.sana.sy\/tr\/index.php?rest_route=%2Fwp%2Fv2%2Fcategories&post=310454"},{"taxonomy":"post_tag","embeddable":true,"href":"https:\/\/archive.sana.sy\/tr\/index.php?rest_route=%2Fwp%2Fv2%2Ftags&post=310454"}],"curies":[{"name":"wp","href":"https:\/\/api.w.org\/{rel}","templated":true}]}}