{"id":310457,"date":"2024-10-23T11:21:05","date_gmt":"2024-10-23T08:21:05","guid":{"rendered":"https:\/\/sana.sy\/tr\/?p=310457"},"modified":"2024-10-23T11:21:05","modified_gmt":"2024-10-23T08:21:05","slug":"guvenlik-isbirliginin-ve-ortak-koordinasyonun-gelistirilmesine-iliskin-suriye-irak-gorusmeleri","status":"publish","type":"post","link":"https:\/\/archive.sana.sy\/tr\/?p=310457","title":{"rendered":"G\u00fcvenlik \u0130\u015fbirli\u011finin ve Ortak Koordinasyonun Geli\u015ftirilmesine \u0130li\u015fkin Suriye-Irak G\u00f6r\u00fc\u015fmeleri"},"content":{"rendered":"<p><strong>BA\u011eDAT (SANA) &#8211;<\/strong>\u00a0 Irak \u0130\u00e7i\u015fleri Bakan\u0131 Ebdulemir El \u015eammari ve Suriye&#8217;nin Ba\u011fdat B\u00fcy\u00fckel\u00e7isi Sattam Cadaan Al Dandah, ikili i\u015fbirli\u011fi ili\u015fkilerini geli\u015ftirmenin ve g\u00fc\u00e7lendirmenin yollar\u0131n\u0131 g\u00f6r\u00fc\u015ft\u00fc.<\/p>\n<p>Suriye&#8217;nin Irak B\u00fcy\u00fckel\u00e7isi, SANA Ba\u011fdat muhabirine yapt\u0131\u011f\u0131 a\u00e7\u0131klamada: &#8220;G\u00f6r\u00fc\u015fmede, iki \u00fclke aras\u0131ndaki tarihi ili\u015fkilerin ve karde\u015flik ba\u011flar\u0131n\u0131n \u00f6nemi ve bunlar\u0131n g\u00fcvenlik ve istikrar\u0131 sa\u011flayacak \u015fekilde geli\u015ftirilmesine y\u00f6nelik istek vurguland\u0131&#8221; diyerek, \u0130\u015fbirli\u011fi ve ortak koordinasyonun art\u0131r\u0131lmas\u0131, kar\u015f\u0131l\u0131kl\u0131 ziyaretler yap\u0131lmas\u0131 ve iki \u00fclke aras\u0131na ter\u00f6rist s\u0131zmas\u0131n\u0131 \u00f6nlemek i\u00e7in her iki taraftaki s\u0131n\u0131rlar\u0131n g\u00fc\u00e7lendirilmesi konular\u0131n\u0131n ele al\u0131nd\u0131\u011f\u0131n\u0131 a\u00e7\u0131klad\u0131.<\/p>\n<p>El Dandah, Irak \u0130\u00e7i\u015fleri Bakan\u0131 ile yapt\u0131\u011f\u0131 g\u00f6r\u00fc\u015fmelerin ayn\u0131 zamanda Irak&#8217;taki Suriyeli toplulu\u011fun meseleleri ile sorunlar\u0131n\u0131n \u00e7\u00f6z\u00fclmesi ve ikamet ko\u015fullar\u0131n\u0131 ihlal edenlere durumlar\u0131n\u0131 \u00e7\u00f6zmeleri ve \u00fccret ve para cezalar\u0131n\u0131 azaltmalar\u0131 i\u00e7in ek s\u00fcre verilmesi ihtiyac\u0131n\u0131n da ele al\u0131nd\u0131\u011f\u0131n\u0131 belirtirken,\u00a0Bakan El \u015eammari, tesisler sa\u011flayaca\u011f\u0131na ve bunlara uygun ve yasal \u00e7\u00f6z\u00fcmler bulaca\u011f\u0131na s\u00f6z verdi\u011fine i\u015faret etti.<\/p>\n<p style=\"text-align: center;\"><strong><a href=\"https:\/\/t.me\/SuriyeArapHaberAjansI\">Telegram Kanal\u0131m\u0131z\u00a0<\/a>||<a href=\"https:\/\/twitter.com\/arap_ajans\">X Platformumuz\u00a0<\/a>||<a href=\"https:\/\/www.facebook.com\/SANAHaberAjansi\/\">Facebook Sayfam\u0131z<\/a><\/strong><\/p>\n","protected":false},"excerpt":{"rendered":"<p>BA\u011eDAT (SANA) &#8211;\u00a0 Irak \u0130\u00e7i\u015fleri Bakan\u0131 Ebdulemir El \u015eammari ve Suriye&#8217;nin Ba\u011fdat B\u00fcy\u00fckel\u00e7isi Sattam Cadaan Al Dandah, ikili i\u015fbirli\u011fi ili\u015fkilerini geli\u015ftirmenin ve g\u00fc\u00e7lendirmenin yollar\u0131n\u0131 g\u00f6r\u00fc\u015ft\u00fc. Suriye&#8217;nin Irak B\u00fcy\u00fckel\u00e7isi, SANA Ba\u011fdat muhabirine yapt\u0131\u011f\u0131 a\u00e7\u0131klamada: &#8220;G\u00f6r\u00fc\u015fmede, iki \u00fclke aras\u0131ndaki tarihi ili\u015fkilerin ve karde\u015flik ba\u011flar\u0131n\u0131n \u00f6nemi ve bunlar\u0131n g\u00fcvenlik ve istikrar\u0131 sa\u011flayacak \u015fekilde geli\u015ftirilmesine y\u00f6nelik istek vurguland\u0131&#8221; diyerek, &hellip;<\/p>\n","protected":false},"author":36,"featured_media":310458,"comment_status":"closed","ping_status":"closed","sticky":false,"template":"","format":"standard","meta":{"footnotes":""},"categories":[458,589,459,17988],"tags":[],"class_list":["post-310457","post","type-post","status-publish","format-standard","has-post-thumbnail","","category-dunya1","category-haber-seridi","category-haberler-arap-uluslararasi-politika","category-son-haberler"],"_links":{"self":[{"href":"https:\/\/archive.sana.sy\/tr\/index.php?rest_route=\/wp\/v2\/posts\/310457","targetHints":{"allow":["GET"]}}],"collection":[{"href":"https:\/\/archive.sana.sy\/tr\/index.php?rest_route=\/wp\/v2\/posts"}],"about":[{"href":"https:\/\/archive.sana.sy\/tr\/index.php?rest_route=\/wp\/v2\/types\/post"}],"author":[{"embeddable":true,"href":"https:\/\/archive.sana.sy\/tr\/index.php?rest_route=\/wp\/v2\/users\/36"}],"replies":[{"embeddable":true,"href":"https:\/\/archive.sana.sy\/tr\/index.php?rest_route=%2Fwp%2Fv2%2Fcomments&post=310457"}],"version-history":[{"count":2,"href":"https:\/\/archive.sana.sy\/tr\/index.php?rest_route=\/wp\/v2\/posts\/310457\/revisions"}],"predecessor-version":[{"id":310471,"href":"https:\/\/archive.sana.sy\/tr\/index.php?rest_route=\/wp\/v2\/posts\/310457\/revisions\/310471"}],"wp:featuredmedia":[{"embeddable":true,"href":"https:\/\/archive.sana.sy\/tr\/index.php?rest_route=\/wp\/v2\/media\/310458"}],"wp:attachment":[{"href":"https:\/\/archive.sana.sy\/tr\/index.php?rest_route=%2Fwp%2Fv2%2Fmedia&parent=310457"}],"wp:term":[{"taxonomy":"category","embeddable":true,"href":"https:\/\/archive.sana.sy\/tr\/index.php?rest_route=%2Fwp%2Fv2%2Fcategories&post=310457"},{"taxonomy":"post_tag","embeddable":true,"href":"https:\/\/archive.sana.sy\/tr\/index.php?rest_route=%2Fwp%2Fv2%2Ftags&post=310457"}],"curies":[{"name":"wp","href":"https:\/\/api.w.org\/{rel}","templated":true}]}}