{"id":310490,"date":"2024-10-24T08:17:32","date_gmt":"2024-10-24T05:17:32","guid":{"rendered":"https:\/\/sana.sy\/tr\/?p=310490"},"modified":"2024-10-25T14:41:32","modified_gmt":"2024-10-25T11:41:32","slug":"israilin-sam-ve-homs-kirsalina-yonelik-saldirganligi-sonucu-bir-asker-sehit-oldu-yedi-asker-de-yaralandi","status":"publish","type":"post","link":"https:\/\/archive.sana.sy\/tr\/?p=310490","title":{"rendered":"\u0130srail&#8217;in \u015eam Ve Homs K\u0131rsal\u0131na Y\u00f6nelik Sald\u0131rganl\u0131\u011f\u0131 Sonucu Bir Asker \u015eehit Oldu, Yedi Asker De Yaraland\u0131"},"content":{"rendered":"<p style=\"text-align: justify;\"><strong>\u015eAM (SANA)<\/strong> &#8211; \u00a0\u0130srail&#8217;in \u015eam&#8217;\u0131n Kefirsuse mahallesindeki iki nokta ile Homs k\u0131rsal\u0131ndaki askeri noktalardan birini hedef alan sald\u0131rganl\u0131\u011f\u0131 sonucu bir asker \u015fehit oldu, yedi asker de yaraland\u0131.<\/p>\n<p style=\"text-align: justify;\">Askeri bir kaynak SANA&#8217;ya yapt\u0131\u011f\u0131 a\u00e7\u0131klamada \u015funlar\u0131 s\u00f6yledi: &#8221;Bug\u00fcn saat 03:40 sular\u0131nda d\u00fc\u015fman \u0130srail, i\u015fgal alt\u0131ndaki Suriyeli Golan ve Kuzey L\u00fcbnan y\u00f6n\u00fcnden hava sald\u0131rganl\u0131\u011f\u0131 d\u00fczenleyerek \u015eam&#8217;\u0131n Kefirsuse mahallesindeki iki nokta ile Humus k\u0131rsal\u0131ndaki askeri noktalardan birini hedef ald\u0131.<\/p>\n<p style=\"text-align: justify;\">Kaynak ayr\u0131ca, sald\u0131rganl\u0131\u011f\u0131n &#8220;bir askerin \u015fehit olmas\u0131, 7 askerin de yaralanmas\u0131 ve maddi hasar meydana gelmesiyle sonu\u00e7land\u0131\u011f\u0131n\u0131&#8221; belirtti.<\/p>\n<p style=\"text-align: center;\"><strong><a href=\"https:\/\/t.me\/SuriyeArapHaberAjansI\">Telegram Kanal\u0131m\u0131z\u00a0<\/a>||<a href=\"https:\/\/twitter.com\/arap_ajans\">X Platformumuz\u00a0<\/a>||<a href=\"https:\/\/www.facebook.com\/SANAHaberAjansi\/\">Facebook Sayfam\u0131z<\/a><\/strong><\/p>\n","protected":false},"excerpt":{"rendered":"<p>\u015eAM (SANA) &#8211; \u00a0\u0130srail&#8217;in \u015eam&#8217;\u0131n Kefirsuse mahallesindeki iki nokta ile Homs k\u0131rsal\u0131ndaki askeri noktalardan birini hedef alan sald\u0131rganl\u0131\u011f\u0131 sonucu bir asker \u015fehit oldu, yedi asker de yaraland\u0131. Askeri bir kaynak SANA&#8217;ya yapt\u0131\u011f\u0131 a\u00e7\u0131klamada \u015funlar\u0131 s\u00f6yledi: &#8221;Bug\u00fcn saat 03:40 sular\u0131nda d\u00fc\u015fman \u0130srail, i\u015fgal alt\u0131ndaki Suriyeli Golan ve Kuzey L\u00fcbnan y\u00f6n\u00fcnden hava sald\u0131rganl\u0131\u011f\u0131 d\u00fczenleyerek \u015eam&#8217;\u0131n Kefirsuse mahallesindeki &hellip;<\/p>\n","protected":false},"author":39,"featured_media":310491,"comment_status":"closed","ping_status":"closed","sticky":false,"template":"","format":"standard","meta":{"footnotes":""},"categories":[589,479,575,17988,478],"tags":[],"class_list":["post-310490","post","type-post","status-publish","format-standard","has-post-thumbnail","","category-haber-seridi","category-haberler-yerel","category-olaylar-ve-gercekler","category-son-haberler","category-yerel"],"_links":{"self":[{"href":"https:\/\/archive.sana.sy\/tr\/index.php?rest_route=\/wp\/v2\/posts\/310490","targetHints":{"allow":["GET"]}}],"collection":[{"href":"https:\/\/archive.sana.sy\/tr\/index.php?rest_route=\/wp\/v2\/posts"}],"about":[{"href":"https:\/\/archive.sana.sy\/tr\/index.php?rest_route=\/wp\/v2\/types\/post"}],"author":[{"embeddable":true,"href":"https:\/\/archive.sana.sy\/tr\/index.php?rest_route=\/wp\/v2\/users\/39"}],"replies":[{"embeddable":true,"href":"https:\/\/archive.sana.sy\/tr\/index.php?rest_route=%2Fwp%2Fv2%2Fcomments&post=310490"}],"version-history":[{"count":1,"href":"https:\/\/archive.sana.sy\/tr\/index.php?rest_route=\/wp\/v2\/posts\/310490\/revisions"}],"predecessor-version":[{"id":310492,"href":"https:\/\/archive.sana.sy\/tr\/index.php?rest_route=\/wp\/v2\/posts\/310490\/revisions\/310492"}],"wp:featuredmedia":[{"embeddable":true,"href":"https:\/\/archive.sana.sy\/tr\/index.php?rest_route=\/wp\/v2\/media\/310491"}],"wp:attachment":[{"href":"https:\/\/archive.sana.sy\/tr\/index.php?rest_route=%2Fwp%2Fv2%2Fmedia&parent=310490"}],"wp:term":[{"taxonomy":"category","embeddable":true,"href":"https:\/\/archive.sana.sy\/tr\/index.php?rest_route=%2Fwp%2Fv2%2Fcategories&post=310490"},{"taxonomy":"post_tag","embeddable":true,"href":"https:\/\/archive.sana.sy\/tr\/index.php?rest_route=%2Fwp%2Fv2%2Ftags&post=310490"}],"curies":[{"name":"wp","href":"https:\/\/api.w.org\/{rel}","templated":true}]}}