{"id":310496,"date":"2024-10-24T10:23:30","date_gmt":"2024-10-24T07:23:30","guid":{"rendered":"https:\/\/sana.sy\/tr\/?p=310496"},"modified":"2024-10-24T10:25:46","modified_gmt":"2024-10-24T07:25:46","slug":"israilin-bint-cbeyil-bolgesine-duzenledigi-hava-saldirganliginda-uc-lubnan-ordusu-sehit-dustu","status":"publish","type":"post","link":"https:\/\/archive.sana.sy\/tr\/?p=310496","title":{"rendered":"\u0130srail\u2019in Bint Cbeyil B\u00f6lgesine D\u00fczenledi\u011fi Hava Sald\u0131rganl\u0131\u011f\u0131nda L\u00fcbnan Ordusundan 3 ki\u015fi \u015eehit D\u00fc\u015ft\u00fc"},"content":{"rendered":"<p style=\"text-align: justify;\">BEYRUT (SANA) \u2013 L\u00fcbnan&#8217;\u0131n g\u00fcneyindeki Yatir kasabas\u0131 eteklerinde yaral\u0131lar\u0131 tahliye etmek i\u00e7in d\u00fczenlenen operasyon s\u0131ras\u0131nda \u0130srail d\u00fc\u015fman u\u00e7aklar\u0131n\u0131n hedefi olan L\u00fcbnan ordusundan biri subay olmak \u00fczere \u00fc\u00e7 ki\u015fi \u015fehit d\u00fc\u015ft\u00fc.<\/p>\n<p style=\"text-align: justify;\">L\u00fcbnan Ordusu, X platformundaki hesab\u0131ndan yapt\u0131\u011f\u0131 a\u00e7\u0131klamada, D\u00fc\u015fman \u0130srail&#8217;in, yaral\u0131lar\u0131 tahliye etmek i\u00e7in operasyon d\u00fczenledi\u011fi s\u0131rada Bint Cbeyil il\u00e7esine ba\u011fl\u0131 Yater kasabas\u0131 eteklerinde mensuplar\u0131n\u0131 hedef ald\u0131\u011f\u0131n\u0131, bu operasyonda aralar\u0131nda bir subay\u0131n da bulundu\u011fu 3 ki\u015finin \u015fehit d\u00fc\u015ft\u00fc\u011f\u00fcn\u00fc bildirdi.<\/p>\n<p style=\"text-align: center;\"><strong><a href=\"https:\/\/t.me\/SuriyeArapHaberAjansI\">Telegram Kanal\u0131m\u0131z\u00a0<\/a>||<a href=\"https:\/\/twitter.com\/arap_ajans\">X Platformumuz\u00a0<\/a>||<a href=\"https:\/\/www.facebook.com\/SANAHaberAjansi\/\">Facebook Sayfam\u0131z<\/a><\/strong><\/p>\n","protected":false},"excerpt":{"rendered":"<p>BEYRUT (SANA) \u2013 L\u00fcbnan&#8217;\u0131n g\u00fcneyindeki Yatir kasabas\u0131 eteklerinde yaral\u0131lar\u0131 tahliye etmek i\u00e7in d\u00fczenlenen operasyon s\u0131ras\u0131nda \u0130srail d\u00fc\u015fman u\u00e7aklar\u0131n\u0131n hedefi olan L\u00fcbnan ordusundan biri subay olmak \u00fczere \u00fc\u00e7 ki\u015fi \u015fehit d\u00fc\u015ft\u00fc. L\u00fcbnan Ordusu, X platformundaki hesab\u0131ndan yapt\u0131\u011f\u0131 a\u00e7\u0131klamada, D\u00fc\u015fman \u0130srail&#8217;in, yaral\u0131lar\u0131 tahliye etmek i\u00e7in operasyon d\u00fczenledi\u011fi s\u0131rada Bint Cbeyil il\u00e7esine ba\u011fl\u0131 Yater kasabas\u0131 eteklerinde mensuplar\u0131n\u0131 hedef &hellip;<\/p>\n","protected":false},"author":39,"featured_media":310497,"comment_status":"closed","ping_status":"closed","sticky":false,"template":"","format":"standard","meta":{"footnotes":""},"categories":[458,589,459,17988],"tags":[],"class_list":["post-310496","post","type-post","status-publish","format-standard","has-post-thumbnail","","category-dunya1","category-haber-seridi","category-haberler-arap-uluslararasi-politika","category-son-haberler"],"_links":{"self":[{"href":"https:\/\/archive.sana.sy\/tr\/index.php?rest_route=\/wp\/v2\/posts\/310496","targetHints":{"allow":["GET"]}}],"collection":[{"href":"https:\/\/archive.sana.sy\/tr\/index.php?rest_route=\/wp\/v2\/posts"}],"about":[{"href":"https:\/\/archive.sana.sy\/tr\/index.php?rest_route=\/wp\/v2\/types\/post"}],"author":[{"embeddable":true,"href":"https:\/\/archive.sana.sy\/tr\/index.php?rest_route=\/wp\/v2\/users\/39"}],"replies":[{"embeddable":true,"href":"https:\/\/archive.sana.sy\/tr\/index.php?rest_route=%2Fwp%2Fv2%2Fcomments&post=310496"}],"version-history":[{"count":2,"href":"https:\/\/archive.sana.sy\/tr\/index.php?rest_route=\/wp\/v2\/posts\/310496\/revisions"}],"predecessor-version":[{"id":310499,"href":"https:\/\/archive.sana.sy\/tr\/index.php?rest_route=\/wp\/v2\/posts\/310496\/revisions\/310499"}],"wp:featuredmedia":[{"embeddable":true,"href":"https:\/\/archive.sana.sy\/tr\/index.php?rest_route=\/wp\/v2\/media\/310497"}],"wp:attachment":[{"href":"https:\/\/archive.sana.sy\/tr\/index.php?rest_route=%2Fwp%2Fv2%2Fmedia&parent=310496"}],"wp:term":[{"taxonomy":"category","embeddable":true,"href":"https:\/\/archive.sana.sy\/tr\/index.php?rest_route=%2Fwp%2Fv2%2Fcategories&post=310496"},{"taxonomy":"post_tag","embeddable":true,"href":"https:\/\/archive.sana.sy\/tr\/index.php?rest_route=%2Fwp%2Fv2%2Ftags&post=310496"}],"curies":[{"name":"wp","href":"https:\/\/api.w.org\/{rel}","templated":true}]}}