{"id":3105,"date":"2014-06-15T12:42:36","date_gmt":"2014-06-15T09:42:36","guid":{"rendered":"http:\/\/sanasyria.org\/tr\/?p=3105"},"modified":"2014-06-17T10:28:01","modified_gmt":"2014-06-17T07:28:01","slug":"vatan-koruyuculari-bircok-bolgeyi-terorden-temizledi","status":"publish","type":"post","link":"https:\/\/archive.sana.sy\/tr\/?p=3105","title":{"rendered":"Vatan Koruyucular\u0131 Bir\u00e7ok B\u00f6lgeyi Ter\u00f6rden Temizledi"},"content":{"rendered":"<p><span style=\"color: #800000\">\u0130LLER \u2013<\/span> Askeri bir kaynak vatan koruyucular\u0131 ordu birliklerimizin Lazkiye k\u0131rsal\u0131n\u0131n kuzeyinde Keseb Kasabas\u0131n\u0131 ter\u00f6ristlerden temizleyerek kasaban\u0131n tamam\u0131n\u0131 kontrol\u00fcne ge\u00e7irdi\u011fini belirtti.<\/p>\n<p>Kaynak operasyonlarda geneli yabanc\u0131lardan olu\u015fan ve aralar\u0131nda eleba\u015flar\u0131n bulundu\u011fu \u00e7ok say\u0131da ter\u00f6risti \u00f6l\u00fc yaral\u0131 ele ge\u00e7irdi\u011fini belirtirken, ka\u00e7an ter\u00f6ristleri kovalama operasyonlar\u0131n\u0131 s\u00fcrd\u00fcrd\u00fc\u011f\u00fcn\u00fc aktard\u0131.<\/p>\n<p>Kaynak ayr\u0131ca bomba imha ekiplerinin ter\u00f6ristlerin b\u00f6lgede yerle\u015ftirdikleri bir\u00e7ok bubi tuza\u011f\u0131n\u0131 da etkisiz hale getirdiklerini s\u00f6zlerine ekledi.<\/p>\n<p><span style=\"color: #0000ff\">Um \u015ear\u015fuh ve Civar\u0131 Ordunun Elinde<\/span><\/p>\n<p>\u00d6te yandan askeri kaynak vatan koruyucular\u0131m\u0131z\u0131n Homs k\u0131rsal\u0131n\u0131n kuzeyine d\u00fc\u015fen Um \u015ear\u015fuh K\u00f6y\u00fc ve civar\u0131n\u0131 ter\u00f6r \u00e7etelerinden temizleyerek kontrol\u00fc eline ge\u00e7irdi\u011fini belirtti.<\/p>\n<p>B\u00f6lgede \u00e7ok say\u0131da ter\u00f6ristin su\u00e7 edatlar\u0131yla birlikte \u00f6l\u00fc yaral\u0131 ele ge\u00e7irildiklerini belirten kaynak; \u00f6ld\u00fcr\u00fclen ter\u00f6ristlerin aras\u0131nda yabanc\u0131lar\u0131n bulundu\u011funu ifade etti.<\/p>\n","protected":false},"excerpt":{"rendered":"<p>\u0130LLER \u2013 Askeri bir kaynak vatan koruyucular\u0131 ordu birliklerimizin Lazkiye k\u0131rsal\u0131n\u0131n kuzeyinde Keseb Kasabas\u0131n\u0131 ter\u00f6ristlerden temizleyerek kasaban\u0131n tamam\u0131n\u0131 kontrol\u00fcne ge\u00e7irdi\u011fini belirtti. Kaynak operasyonlarda geneli yabanc\u0131lardan olu\u015fan ve aralar\u0131nda eleba\u015flar\u0131n bulundu\u011fu \u00e7ok say\u0131da ter\u00f6risti \u00f6l\u00fc yaral\u0131 ele ge\u00e7irdi\u011fini belirtirken, ka\u00e7an ter\u00f6ristleri kovalama operasyonlar\u0131n\u0131 s\u00fcrd\u00fcrd\u00fc\u011f\u00fcn\u00fc aktard\u0131. Kaynak ayr\u0131ca bomba imha ekiplerinin ter\u00f6ristlerin b\u00f6lgede yerle\u015ftirdikleri bir\u00e7ok bubi tuza\u011f\u0131n\u0131 &hellip;<\/p>\n","protected":false},"author":1,"featured_media":3106,"comment_status":"closed","ping_status":"closed","sticky":false,"template":"","format":"standard","meta":{"footnotes":""},"categories":[479,575,478],"tags":[690],"class_list":["post-3105","post","type-post","status-publish","format-standard","has-post-thumbnail","","category-haberler-yerel","category-olaylar-ve-gercekler","category-yerel","tag-vatan-koruyuculari-bircok-bolgeyi-terorden-temizledi"],"_links":{"self":[{"href":"https:\/\/archive.sana.sy\/tr\/index.php?rest_route=\/wp\/v2\/posts\/3105","targetHints":{"allow":["GET"]}}],"collection":[{"href":"https:\/\/archive.sana.sy\/tr\/index.php?rest_route=\/wp\/v2\/posts"}],"about":[{"href":"https:\/\/archive.sana.sy\/tr\/index.php?rest_route=\/wp\/v2\/types\/post"}],"author":[{"embeddable":true,"href":"https:\/\/archive.sana.sy\/tr\/index.php?rest_route=\/wp\/v2\/users\/1"}],"replies":[{"embeddable":true,"href":"https:\/\/archive.sana.sy\/tr\/index.php?rest_route=%2Fwp%2Fv2%2Fcomments&post=3105"}],"version-history":[{"count":0,"href":"https:\/\/archive.sana.sy\/tr\/index.php?rest_route=\/wp\/v2\/posts\/3105\/revisions"}],"wp:featuredmedia":[{"embeddable":true,"href":"https:\/\/archive.sana.sy\/tr\/index.php?rest_route=\/wp\/v2\/media\/3106"}],"wp:attachment":[{"href":"https:\/\/archive.sana.sy\/tr\/index.php?rest_route=%2Fwp%2Fv2%2Fmedia&parent=3105"}],"wp:term":[{"taxonomy":"category","embeddable":true,"href":"https:\/\/archive.sana.sy\/tr\/index.php?rest_route=%2Fwp%2Fv2%2Fcategories&post=3105"},{"taxonomy":"post_tag","embeddable":true,"href":"https:\/\/archive.sana.sy\/tr\/index.php?rest_route=%2Fwp%2Fv2%2Ftags&post=3105"}],"curies":[{"name":"wp","href":"https:\/\/api.w.org\/{rel}","templated":true}]}}