{"id":310500,"date":"2024-10-24T11:41:00","date_gmt":"2024-10-24T08:41:00","guid":{"rendered":"https:\/\/sana.sy\/tr\/?p=310500"},"modified":"2024-10-24T11:51:20","modified_gmt":"2024-10-24T08:51:20","slug":"nebenzia-abd-suriyeye-yonelik-insanlik-disi-bir-yaklasim-izliyor","status":"publish","type":"post","link":"https:\/\/archive.sana.sy\/tr\/?p=310500","title":{"rendered":"Nebenzia: ABD, Suriye&#8217;ye Y\u00f6nelik \u0130nsanl\u0131k D\u0131\u015f\u0131 Bir Yakla\u015f\u0131m \u0130zliyor"},"content":{"rendered":"<p style=\"text-align: justify;\"><strong>NEW YORK (SANA)<\/strong> \u2013 Rusya&#8217;n\u0131n Birle\u015fmi\u015f Milletler Daimi Temsilcisi Vasily Nebenzia, ABD&#8217;nin Suriye&#8217;ye y\u00f6nelik insanl\u0131k d\u0131\u015f\u0131 bir yakla\u015f\u0131m izledi\u011fini vurgulad\u0131.<\/p>\n<p style=\"text-align: justify;\">Nebenzia, BM G\u00fcvenlik Konseyi&#8217;nin bir oturumunda, b\u00f6lgedeki potansiyel patlay\u0131c\u0131 duruma ve \u00e7at\u0131\u015fman\u0131n ger\u00e7ek anlamda geni\u015fleme ihtimaline ra\u011fmen, Va\u015fingtun ve yanda\u015flar\u0131n\u0131n Suriye&#8217;ye y\u00f6nelik \u00f6nceki insanl\u0131k d\u0131\u015f\u0131 ve y\u0131k\u0131c\u0131 yakla\u015f\u0131m\u0131 hala aktif olarak uygulamaya devam etti\u011fini belirtti.<\/p>\n<p style=\"text-align: justify;\">Rus Temsilcisi, \u0130srail&#8217;in L\u00fcbnan&#8217;a y\u00f6nelik sald\u0131rganl\u0131\u011f\u0131 sonucunda h\u0131zla artan m\u00fclteci ak\u0131n\u0131ndan Va\u015fingtun&#8217;un politikas\u0131n\u0131n etkilenmedi\u011fini, bunun da Suriye i\u00e7in b\u00fcy\u00fck zorluklar te\u015fkil etti\u011fine dikkat \u00e7ekti.<\/p>\n<p style=\"text-align: justify;\">Nebenzia, sahadaki temel istikrars\u0131zla\u015ft\u0131r\u0131c\u0131 fakt\u00f6rlerden birinin, F\u0131rat&#8217;\u0131n do\u011fusunda ve Suriye&#8217;nin g\u00fcneydo\u011fusundaki Tenf b\u00f6lgesindeki yasad\u0131\u015f\u0131 Amerikan askeri varl\u0131\u011f\u0131n\u0131n oldu\u011funu ve hala da \u00f6yle oldu\u011funu vurgulad\u0131.<\/p>\n<p style=\"text-align: justify;\">Rus Temsilcisi, Va\u015fingtun&#8217;un Suriye&#8217;de geni\u015f alanlar\u0131 i\u015fgal etmeye devam etti\u011fini, bu \u00fclkenin petrol, gaz ve tar\u0131msal kaynaklar\u0131n\u0131 ya\u011fmalad\u0131\u011f\u0131n\u0131, ayn\u0131 zamanda ya\u015fam, sosyal ve ekonomik ko\u015fullar\u0131n daha da k\u00f6t\u00fcle\u015fmesine neden oldu\u011funu ve Suriye&#8217;deki a\u015f\u0131r\u0131c\u0131 \u00e7eteleri harekete ge\u00e7irmeye \u00e7al\u0131\u015ft\u0131\u011f\u0131n\u0131 a\u00e7\u0131klad\u0131.<\/p>\n<p><strong><a href=\"https:\/\/t.me\/SuriyeArapHaberAjansI\">Telegram Kanal\u0131m\u0131z\u00a0<\/a>||<a href=\"https:\/\/twitter.com\/arap_ajans\">X Platformumuz\u00a0<\/a>||<a href=\"https:\/\/www.facebook.com\/SANAHaberAjansi\/\">Facebook Sayfam\u0131z<\/a><\/strong><\/p>\n","protected":false},"excerpt":{"rendered":"<p>NEW YORK (SANA) \u2013 Rusya&#8217;n\u0131n Birle\u015fmi\u015f Milletler Daimi Temsilcisi Vasily Nebenzia, ABD&#8217;nin Suriye&#8217;ye y\u00f6nelik insanl\u0131k d\u0131\u015f\u0131 bir yakla\u015f\u0131m izledi\u011fini vurgulad\u0131. Nebenzia, BM G\u00fcvenlik Konseyi&#8217;nin bir oturumunda, b\u00f6lgedeki potansiyel patlay\u0131c\u0131 duruma ve \u00e7at\u0131\u015fman\u0131n ger\u00e7ek anlamda geni\u015fleme ihtimaline ra\u011fmen, Va\u015fingtun ve yanda\u015flar\u0131n\u0131n Suriye&#8217;ye y\u00f6nelik \u00f6nceki insanl\u0131k d\u0131\u015f\u0131 ve y\u0131k\u0131c\u0131 yakla\u015f\u0131m\u0131 hala aktif olarak uygulamaya devam etti\u011fini belirtti. &hellip;<\/p>\n","protected":false},"author":39,"featured_media":310501,"comment_status":"closed","ping_status":"closed","sticky":false,"template":"","format":"standard","meta":{"footnotes":""},"categories":[458,589,459,17988],"tags":[],"class_list":["post-310500","post","type-post","status-publish","format-standard","has-post-thumbnail","","category-dunya1","category-haber-seridi","category-haberler-arap-uluslararasi-politika","category-son-haberler"],"_links":{"self":[{"href":"https:\/\/archive.sana.sy\/tr\/index.php?rest_route=\/wp\/v2\/posts\/310500","targetHints":{"allow":["GET"]}}],"collection":[{"href":"https:\/\/archive.sana.sy\/tr\/index.php?rest_route=\/wp\/v2\/posts"}],"about":[{"href":"https:\/\/archive.sana.sy\/tr\/index.php?rest_route=\/wp\/v2\/types\/post"}],"author":[{"embeddable":true,"href":"https:\/\/archive.sana.sy\/tr\/index.php?rest_route=\/wp\/v2\/users\/39"}],"replies":[{"embeddable":true,"href":"https:\/\/archive.sana.sy\/tr\/index.php?rest_route=%2Fwp%2Fv2%2Fcomments&post=310500"}],"version-history":[{"count":4,"href":"https:\/\/archive.sana.sy\/tr\/index.php?rest_route=\/wp\/v2\/posts\/310500\/revisions"}],"predecessor-version":[{"id":310505,"href":"https:\/\/archive.sana.sy\/tr\/index.php?rest_route=\/wp\/v2\/posts\/310500\/revisions\/310505"}],"wp:featuredmedia":[{"embeddable":true,"href":"https:\/\/archive.sana.sy\/tr\/index.php?rest_route=\/wp\/v2\/media\/310501"}],"wp:attachment":[{"href":"https:\/\/archive.sana.sy\/tr\/index.php?rest_route=%2Fwp%2Fv2%2Fmedia&parent=310500"}],"wp:term":[{"taxonomy":"category","embeddable":true,"href":"https:\/\/archive.sana.sy\/tr\/index.php?rest_route=%2Fwp%2Fv2%2Fcategories&post=310500"},{"taxonomy":"post_tag","embeddable":true,"href":"https:\/\/archive.sana.sy\/tr\/index.php?rest_route=%2Fwp%2Fv2%2Ftags&post=310500"}],"curies":[{"name":"wp","href":"https:\/\/api.w.org\/{rel}","templated":true}]}}