{"id":310511,"date":"2024-10-24T15:13:03","date_gmt":"2024-10-24T12:13:03","guid":{"rendered":"https:\/\/sana.sy\/tr\/?p=310511"},"modified":"2024-10-24T18:57:05","modified_gmt":"2024-10-24T15:57:05","slug":"gazze-seridinde-son-saatlerde-yasanan-isgal-katliamlari-sonucu-55-sehit","status":"publish","type":"post","link":"https:\/\/archive.sana.sy\/tr\/?p=310511","title":{"rendered":"Gazze \u015eeridi&#8217;nde Son Saatlerde Ya\u015fanan \u0130\u015fgal Katliamlar\u0131 Sonucu 55 \u015eehit"},"content":{"rendered":"<p style=\"text-align: justify;\"><strong>\u0130\u015eGAL ED\u0130LEN KUD\u00dcS (SANA) &#8211; <\/strong><strong>\u00a0<\/strong>Filistin Sa\u011fl\u0131k Bakanl\u0131\u011f\u0131 bug\u00fcn yapt\u0131\u011f\u0131 a\u00e7\u0131klamada, i\u015fgalci \u0130srail&#8217;in Gazze \u015eeridi&#8217;nde son 24 saat i\u00e7inde Filistinli ailelere y\u00f6nelik 4 katliam ger\u00e7ekle\u015ftirdi\u011fini, 55 \u015fehit ve 132 yaral\u0131n\u0131n kald\u0131\u011f\u0131n\u0131 duyurdu.<\/p>\n<p style=\"text-align: justify;\">Bakanl\u0131k bug\u00fcn yapt\u0131\u011f\u0131 a\u00e7\u0131klamada \u015funlar\u0131 s\u00f6yledi: &#8221;Gazze \u015eeridi&#8217;ne y\u00f6nelik 384&#8217;\u00fcnc\u00fc g\u00fcn\u00fcnde devam eden sald\u0131rganl\u0131kta ma\u011fdurlar\u0131n say\u0131s\u0131 42 bin 847&#8217;ye, yaral\u0131 say\u0131s\u0131 ise 100 bin 544&#8217;e y\u00fckseldi.&#8221;<\/p>\n<p style=\"text-align: center;\"><strong><a href=\"https:\/\/t.me\/SuriyeArapHaberAjansI\">Telegram Kanal\u0131m\u0131z\u00a0<\/a>||<a href=\"https:\/\/twitter.com\/arap_ajans\">X Platformumuz\u00a0<\/a>||<a href=\"https:\/\/www.facebook.com\/SANAHaberAjansi\/\">Facebook Sayfam\u0131z<\/a><\/strong><\/p>\n","protected":false},"excerpt":{"rendered":"<p>\u0130\u015eGAL ED\u0130LEN KUD\u00dcS (SANA) &#8211; \u00a0Filistin Sa\u011fl\u0131k Bakanl\u0131\u011f\u0131 bug\u00fcn yapt\u0131\u011f\u0131 a\u00e7\u0131klamada, i\u015fgalci \u0130srail&#8217;in Gazze \u015eeridi&#8217;nde son 24 saat i\u00e7inde Filistinli ailelere y\u00f6nelik 4 katliam ger\u00e7ekle\u015ftirdi\u011fini, 55 \u015fehit ve 132 yaral\u0131n\u0131n kald\u0131\u011f\u0131n\u0131 duyurdu. Bakanl\u0131k bug\u00fcn yapt\u0131\u011f\u0131 a\u00e7\u0131klamada \u015funlar\u0131 s\u00f6yledi: &#8221;Gazze \u015eeridi&#8217;ne y\u00f6nelik 384&#8217;\u00fcnc\u00fc g\u00fcn\u00fcnde devam eden sald\u0131rganl\u0131kta ma\u011fdurlar\u0131n say\u0131s\u0131 42 bin 847&#8217;ye, yaral\u0131 say\u0131s\u0131 ise 100 &hellip;<\/p>\n","protected":false},"author":41,"featured_media":310512,"comment_status":"closed","ping_status":"closed","sticky":false,"template":"","format":"standard","meta":{"footnotes":""},"categories":[458,589,459,17988],"tags":[42725],"class_list":["post-310511","post","type-post","status-publish","format-standard","has-post-thumbnail","","category-dunya1","category-haber-seridi","category-haberler-arap-uluslararasi-politika","category-son-haberler","tag-gazze-seridinde-son-saatlerde-yasanan-isgal-katliamlari-sonucu-55-sehit"],"_links":{"self":[{"href":"https:\/\/archive.sana.sy\/tr\/index.php?rest_route=\/wp\/v2\/posts\/310511","targetHints":{"allow":["GET"]}}],"collection":[{"href":"https:\/\/archive.sana.sy\/tr\/index.php?rest_route=\/wp\/v2\/posts"}],"about":[{"href":"https:\/\/archive.sana.sy\/tr\/index.php?rest_route=\/wp\/v2\/types\/post"}],"author":[{"embeddable":true,"href":"https:\/\/archive.sana.sy\/tr\/index.php?rest_route=\/wp\/v2\/users\/41"}],"replies":[{"embeddable":true,"href":"https:\/\/archive.sana.sy\/tr\/index.php?rest_route=%2Fwp%2Fv2%2Fcomments&post=310511"}],"version-history":[{"count":1,"href":"https:\/\/archive.sana.sy\/tr\/index.php?rest_route=\/wp\/v2\/posts\/310511\/revisions"}],"predecessor-version":[{"id":310513,"href":"https:\/\/archive.sana.sy\/tr\/index.php?rest_route=\/wp\/v2\/posts\/310511\/revisions\/310513"}],"wp:featuredmedia":[{"embeddable":true,"href":"https:\/\/archive.sana.sy\/tr\/index.php?rest_route=\/wp\/v2\/media\/310512"}],"wp:attachment":[{"href":"https:\/\/archive.sana.sy\/tr\/index.php?rest_route=%2Fwp%2Fv2%2Fmedia&parent=310511"}],"wp:term":[{"taxonomy":"category","embeddable":true,"href":"https:\/\/archive.sana.sy\/tr\/index.php?rest_route=%2Fwp%2Fv2%2Fcategories&post=310511"},{"taxonomy":"post_tag","embeddable":true,"href":"https:\/\/archive.sana.sy\/tr\/index.php?rest_route=%2Fwp%2Fv2%2Ftags&post=310511"}],"curies":[{"name":"wp","href":"https:\/\/api.w.org\/{rel}","templated":true}]}}