{"id":310515,"date":"2024-10-24T16:51:34","date_gmt":"2024-10-24T13:51:34","guid":{"rendered":"https:\/\/sana.sy\/tr\/?p=310515"},"modified":"2024-10-24T18:54:13","modified_gmt":"2024-10-24T15:54:13","slug":"yerel-yonetim-bakani-lubnandan-gelenlere-mudahale-cabalarinin-koordinasyonu-konusunda-ukk-baskaniyla-gorusru","status":"publish","type":"post","link":"https:\/\/archive.sana.sy\/tr\/?p=310515","title":{"rendered":"Yerel Y\u00f6netim Bakan\u0131, L\u00fcbnan&#8217;dan Gelenlere M\u00fcdahale \u00c7abalar\u0131n\u0131n Koordinasyonu Konusunda UKK Ba\u015fkan\u0131yla G\u00f6r\u00fc\u015fr\u00fc"},"content":{"rendered":"<p style=\"text-align: justify;\"><strong>\u015eAM (SANA) &#8211;<\/strong> Yerel Y\u00f6netim ve \u00c7evre Bakan\u0131, Y\u00fcksek Yard\u0131m Komitesi Ba\u015fkan\u0131 Luay Harita, Uluslararas\u0131 K\u0131z\u0131lha\u00e7 Komitesi&#8217;nin Suriye heyeti ba\u015fkan\u0131 Stephane-Pierre Sakalian ile L\u00fcbnan&#8217;dan gelenlere y\u00f6nelik insani m\u00fcdahale \u00e7abalar\u0131n\u0131n koordinasyonu ve Suriyeli m\u00fcltecilerin anavatanlar\u0131na d\u00f6n\u00fc\u015f\u00fcn\u00fcn te\u015fvik edilmesi konular\u0131n\u0131 g\u00f6r\u00fc\u015ft\u00fc.<\/p>\n<p style=\"text-align: justify;\">Bakan Harita, insani yard\u0131m\u0131n hak edenlere ula\u015ft\u0131r\u0131lmas\u0131 ve ge\u00e7im ve iyile\u015ftirme projelerinin uygulanmas\u0131n\u0131 desteklemek i\u00e7in Y\u00fcksek Yard\u0131m Komitesi arac\u0131l\u0131\u011f\u0131yla gerekli t\u00fcm olanaklar\u0131n sa\u011flanmas\u0131 amac\u0131yla iki taraf aras\u0131nda s\u00fcrekli koordinasyon sa\u011flanmas\u0131 plan\u0131n\u0131 vurgulayarak, L\u00fcbnan&#8217;dan gelenlere yan\u0131t vermek i\u00e7in insani yard\u0131m ortaklar\u0131n\u0131n \u00e7abalar\u0131n\u0131n \u00f6nemine dikkat \u00e7ekti.<\/p>\n<p style=\"text-align: justify;\">Bakan ayr\u0131ca, \u0130srail&#8217;in L\u00fcbnan&#8217;a y\u00f6nelik sald\u0131r\u0131s\u0131 sonucunda gelenleri kar\u015f\u0131lamak ve onlara gerekli cevab\u0131 vermek i\u00e7in Suriye h\u00fck\u00fcmetinin sa\u011flad\u0131\u011f\u0131 olanaklara de\u011findi.<\/p>\n<p style=\"text-align: justify;\">Buna kar\u015f\u0131l\u0131k Sakalian, Komitenin ve Suriye&#8217;deki ortaklar\u0131n\u0131n \u00e7al\u0131\u015fmalar\u0131n\u0131n ba\u015far\u0131s\u0131 i\u00e7in Bakanl\u0131\u011f\u0131n g\u00f6sterdi\u011fi \u00e7abalar\u0131 ve Y\u00fcksek Yard\u0131m Komitesinin Uluslararas\u0131 K\u0131z\u0131lha\u00e7 Komitesinin \u00e7al\u0131\u015fmalar\u0131n\u0131 kolayla\u015ft\u0131rmadaki \u00f6nemli rol\u00fcn\u00fc \u00f6vd\u00fc.<\/p>\n<p style=\"text-align: center;\"><strong><a href=\"https:\/\/t.me\/SuriyeArapHaberAjansI\">Telegram Kanal\u0131m\u0131z\u00a0<\/a>||<a href=\"https:\/\/twitter.com\/arap_ajans\">X Platformumuz\u00a0<\/a>||<a href=\"https:\/\/www.facebook.com\/SANAHaberAjansi\/\">Facebook Sayfam\u0131z<\/a><\/strong><\/p>\n","protected":false},"excerpt":{"rendered":"<p>\u015eAM (SANA) &#8211; Yerel Y\u00f6netim ve \u00c7evre Bakan\u0131, Y\u00fcksek Yard\u0131m Komitesi Ba\u015fkan\u0131 Luay Harita, Uluslararas\u0131 K\u0131z\u0131lha\u00e7 Komitesi&#8217;nin Suriye heyeti ba\u015fkan\u0131 Stephane-Pierre Sakalian ile L\u00fcbnan&#8217;dan gelenlere y\u00f6nelik insani m\u00fcdahale \u00e7abalar\u0131n\u0131n koordinasyonu ve Suriyeli m\u00fcltecilerin anavatanlar\u0131na d\u00f6n\u00fc\u015f\u00fcn\u00fcn te\u015fvik edilmesi konular\u0131n\u0131 g\u00f6r\u00fc\u015ft\u00fc. Bakan Harita, insani yard\u0131m\u0131n hak edenlere ula\u015ft\u0131r\u0131lmas\u0131 ve ge\u00e7im ve iyile\u015ftirme projelerinin uygulanmas\u0131n\u0131 desteklemek i\u00e7in Y\u00fcksek &hellip;<\/p>\n","protected":false},"author":41,"featured_media":310516,"comment_status":"closed","ping_status":"closed","sticky":false,"template":"","format":"standard","meta":{"footnotes":""},"categories":[589,479,17988,478],"tags":[42726,10240],"class_list":["post-310515","post","type-post","status-publish","format-standard","has-post-thumbnail","","category-haber-seridi","category-haberler-yerel","category-son-haberler","category-yerel","tag-lubnandan-gelenlere-mudahale-cabalarinin-koordinasyonu-konusunda-ukk-baskaniyla-gorusru","tag-yerel-yonetim-bakani"],"_links":{"self":[{"href":"https:\/\/archive.sana.sy\/tr\/index.php?rest_route=\/wp\/v2\/posts\/310515","targetHints":{"allow":["GET"]}}],"collection":[{"href":"https:\/\/archive.sana.sy\/tr\/index.php?rest_route=\/wp\/v2\/posts"}],"about":[{"href":"https:\/\/archive.sana.sy\/tr\/index.php?rest_route=\/wp\/v2\/types\/post"}],"author":[{"embeddable":true,"href":"https:\/\/archive.sana.sy\/tr\/index.php?rest_route=\/wp\/v2\/users\/41"}],"replies":[{"embeddable":true,"href":"https:\/\/archive.sana.sy\/tr\/index.php?rest_route=%2Fwp%2Fv2%2Fcomments&post=310515"}],"version-history":[{"count":1,"href":"https:\/\/archive.sana.sy\/tr\/index.php?rest_route=\/wp\/v2\/posts\/310515\/revisions"}],"predecessor-version":[{"id":310517,"href":"https:\/\/archive.sana.sy\/tr\/index.php?rest_route=\/wp\/v2\/posts\/310515\/revisions\/310517"}],"wp:featuredmedia":[{"embeddable":true,"href":"https:\/\/archive.sana.sy\/tr\/index.php?rest_route=\/wp\/v2\/media\/310516"}],"wp:attachment":[{"href":"https:\/\/archive.sana.sy\/tr\/index.php?rest_route=%2Fwp%2Fv2%2Fmedia&parent=310515"}],"wp:term":[{"taxonomy":"category","embeddable":true,"href":"https:\/\/archive.sana.sy\/tr\/index.php?rest_route=%2Fwp%2Fv2%2Fcategories&post=310515"},{"taxonomy":"post_tag","embeddable":true,"href":"https:\/\/archive.sana.sy\/tr\/index.php?rest_route=%2Fwp%2Fv2%2Ftags&post=310515"}],"curies":[{"name":"wp","href":"https:\/\/api.w.org\/{rel}","templated":true}]}}