{"id":310518,"date":"2024-10-24T17:52:19","date_gmt":"2024-10-24T14:52:19","guid":{"rendered":"https:\/\/sana.sy\/tr\/?p=310518"},"modified":"2024-10-26T12:26:07","modified_gmt":"2024-10-26T09:26:07","slug":"mikdad-naci-ile-isgal-edilen-topraklardaki-gelismeleri-gorustu","status":"publish","type":"post","link":"https:\/\/archive.sana.sy\/tr\/?p=310518","title":{"rendered":"Mikdad, Naci \u0130le \u0130\u015fgal Edilen Topraklardaki Geli\u015fmeleri G\u00f6r\u00fc\u015ft\u00fc"},"content":{"rendered":"<p style=\"text-align: justify;\"><strong>\u015eAM (SANA) &#8211;<\/strong> Cumhurba\u015fkan\u0131 Yard\u0131mc\u0131s\u0131 Faysal Mikdad, Filistin Halk Kurtulu\u015f Cephesi Genel Komutanl\u0131\u011f\u0131 Genel Sekreteri Talal Naci ve beraberindeki heyetle bir araya geldi.<\/p>\n<p style=\"text-align: justify;\">\u0130ki taraf g\u00f6r\u00fc\u015fmede, Siyonist varl\u0131\u011f\u0131n b\u00f6lgede devam eden sava\u015f\u0131n\u0131 t\u0131rmand\u0131rmas\u0131, Filistin halk\u0131na kar\u015f\u0131 i\u015fledi\u011fi soyk\u0131r\u0131m su\u00e7lar\u0131, L\u00fcbnan&#8217;a y\u00f6nelik ac\u0131mas\u0131z sald\u0131rganl\u0131\u011f\u0131 ve Suriye&#8217;ye tekrarlanan sald\u0131r\u0131lar\u0131 \u0131\u015f\u0131\u011f\u0131nda i\u015fgal edilen Filistin topraklar\u0131ndaki son geli\u015fmeleri ele ald\u0131.<\/p>\n<p style=\"text-align: justify;\">&#8220;\u0130srail&#8221;in Filistin halk\u0131na kar\u015f\u0131 y\u00fcr\u00fctt\u00fc\u011f\u00fc soyk\u0131r\u0131m sava\u015f\u0131n\u0131n ger\u00e7ek y\u00fcz\u00fcn\u00fc d\u00fcnyaya g\u00f6sterdi\u011fini vurgulayan Mikdad, i\u015fgalci varl\u0131\u011f\u0131n Filistin ve L\u00fcbnan&#8217;a kar\u015f\u0131 ac\u0131mas\u0131z uygulamalar\u0131n\u0131 ve kanl\u0131 sava\u015f\u0131n\u0131 s\u00fcrd\u00fcrmek i\u00e7in ald\u0131\u011f\u0131 Amerikan ve Bat\u0131 deste\u011fini k\u0131nad\u0131.<\/p>\n<p style=\"text-align: justify;\">Cumhurba\u015fkan\u0131 yard\u0131mc\u0131s\u0131 Mikdad ayr\u0131ca, Suriye&#8217;nin Filistin meselesine y\u00f6nelik ilkeli konumunu ve Filistin halk\u0131n\u0131n, uluslararas\u0131 me\u015fruiyet ve uluslararas\u0131 hukuk kararlar\u0131nda sa\u011flam bir \u015fekilde tesis edilen devredilemez haklar\u0131n\u0131 geri kazanma m\u00fccadelesine verdi\u011fi deste\u011fi bir kez daha vurgulayarak, \u00e7o\u011fu \u00e7ocuk ve kad\u0131n olmak \u00fczere on binlerce insan\u0131 \u00f6ld\u00fcren \u0130srail sava\u015f makinesi kar\u015f\u0131s\u0131nda Filistin halk\u0131n\u0131n ve t\u00fcm direni\u015f g\u00fc\u00e7lerinin kararl\u0131l\u0131\u011f\u0131n\u0131 selamlad\u0131.<\/p>\n<p style=\"text-align: justify;\">Halk Cephesi Genel Sekreteri ise Filistin halk\u0131n\u0131n kararl\u0131l\u0131\u011f\u0131n\u0131, i\u015fgalci varl\u0131\u011fa kar\u015f\u0131 devam eden direni\u015fini ve i\u015fgalci varl\u0131\u011fa kar\u015f\u0131 i\u015fledi\u011fi t\u00fcm katliamlara ra\u011fmen onun su\u00e7lar\u0131yla y\u00fczle\u015fmesini, kendisine uygulanan bo\u011fucu ku\u015fatmay\u0131 ve bu varl\u0131\u011f\u0131n ABD ve m\u00fcttefiklerinden ald\u0131\u011f\u0131 s\u0131n\u0131rs\u0131z deste\u011fi kaydetti.<\/p>\n<p style=\"text-align: justify;\">Naci ayr\u0131ca, Filistin davas\u0131na ve Filistin halk\u0131n\u0131n haklar\u0131na verdi\u011fi kararl\u0131 destekten dolay\u0131 Suriye&#8217;ye b\u00fcy\u00fck takdirini ifade etti.<\/p>\n<p style=\"text-align: center;\"><strong><a href=\"https:\/\/t.me\/SuriyeArapHaberAjansI\">Telegram Kanal\u0131m\u0131z\u00a0<\/a>||<a href=\"https:\/\/twitter.com\/arap_ajans\">X Platformumuz\u00a0<\/a>||<a href=\"https:\/\/www.facebook.com\/SANAHaberAjansi\/\">Facebook Sayfam\u0131z<\/a><\/strong><\/p>\n","protected":false},"excerpt":{"rendered":"<p>\u015eAM (SANA) &#8211; Cumhurba\u015fkan\u0131 Yard\u0131mc\u0131s\u0131 Faysal Mikdad, Filistin Halk Kurtulu\u015f Cephesi Genel Komutanl\u0131\u011f\u0131 Genel Sekreteri Talal Naci ve beraberindeki heyetle bir araya geldi. \u0130ki taraf g\u00f6r\u00fc\u015fmede, Siyonist varl\u0131\u011f\u0131n b\u00f6lgede devam eden sava\u015f\u0131n\u0131 t\u0131rmand\u0131rmas\u0131, Filistin halk\u0131na kar\u015f\u0131 i\u015fledi\u011fi soyk\u0131r\u0131m su\u00e7lar\u0131, L\u00fcbnan&#8217;a y\u00f6nelik ac\u0131mas\u0131z sald\u0131rganl\u0131\u011f\u0131 ve Suriye&#8217;ye tekrarlanan sald\u0131r\u0131lar\u0131 \u0131\u015f\u0131\u011f\u0131nda i\u015fgal edilen Filistin topraklar\u0131ndaki son geli\u015fmeleri ele &hellip;<\/p>\n","protected":false},"author":41,"featured_media":310519,"comment_status":"closed","ping_status":"closed","sticky":false,"template":"","format":"standard","meta":{"footnotes":""},"categories":[589,479,17988,478],"tags":[38328,42727],"class_list":["post-310518","post","type-post","status-publish","format-standard","has-post-thumbnail","","category-haber-seridi","category-haberler-yerel","category-son-haberler","category-yerel","tag-mikdad","tag-naci-ile-isgal-edilen-topraklardaki-gelismeleri-gorustu"],"_links":{"self":[{"href":"https:\/\/archive.sana.sy\/tr\/index.php?rest_route=\/wp\/v2\/posts\/310518","targetHints":{"allow":["GET"]}}],"collection":[{"href":"https:\/\/archive.sana.sy\/tr\/index.php?rest_route=\/wp\/v2\/posts"}],"about":[{"href":"https:\/\/archive.sana.sy\/tr\/index.php?rest_route=\/wp\/v2\/types\/post"}],"author":[{"embeddable":true,"href":"https:\/\/archive.sana.sy\/tr\/index.php?rest_route=\/wp\/v2\/users\/41"}],"replies":[{"embeddable":true,"href":"https:\/\/archive.sana.sy\/tr\/index.php?rest_route=%2Fwp%2Fv2%2Fcomments&post=310518"}],"version-history":[{"count":1,"href":"https:\/\/archive.sana.sy\/tr\/index.php?rest_route=\/wp\/v2\/posts\/310518\/revisions"}],"predecessor-version":[{"id":310520,"href":"https:\/\/archive.sana.sy\/tr\/index.php?rest_route=\/wp\/v2\/posts\/310518\/revisions\/310520"}],"wp:featuredmedia":[{"embeddable":true,"href":"https:\/\/archive.sana.sy\/tr\/index.php?rest_route=\/wp\/v2\/media\/310519"}],"wp:attachment":[{"href":"https:\/\/archive.sana.sy\/tr\/index.php?rest_route=%2Fwp%2Fv2%2Fmedia&parent=310518"}],"wp:term":[{"taxonomy":"category","embeddable":true,"href":"https:\/\/archive.sana.sy\/tr\/index.php?rest_route=%2Fwp%2Fv2%2Fcategories&post=310518"},{"taxonomy":"post_tag","embeddable":true,"href":"https:\/\/archive.sana.sy\/tr\/index.php?rest_route=%2Fwp%2Fv2%2Ftags&post=310518"}],"curies":[{"name":"wp","href":"https:\/\/api.w.org\/{rel}","templated":true}]}}