{"id":310524,"date":"2024-10-24T13:28:22","date_gmt":"2024-10-24T10:28:22","guid":{"rendered":"https:\/\/sana.sy\/tr\/?p=310524"},"modified":"2024-10-24T18:30:22","modified_gmt":"2024-10-24T15:30:22","slug":"sana-cindeki-dunya-medya-zirvesine-katildi","status":"publish","type":"post","link":"https:\/\/archive.sana.sy\/tr\/?p=310524","title":{"rendered":"SANA, \u00c7in&#8217;deki D\u00fcnya Medya Zirvesi&#8217;ne Kat\u0131ld\u0131"},"content":{"rendered":"<p style=\"text-align: justify;\"><strong>PEK\u0130N (SANA) &#8211;<\/strong> \u00c7in&#8217;in Sincan eyaletinin ba\u015fkenti Urum\u00e7i \u015fehrinde d\u00fczenlenen Alt\u0131nc\u0131 D\u00fcnya Medya Zirvesi&#8217;nde, yapay zekan\u0131n medya \u00e7al\u0131\u015fmalar\u0131nda sorumlu bir \u015fekilde kullan\u0131lmas\u0131na y\u00f6nelik yenilik\u00e7i y\u00f6ntemlerin benimsenmesinin \u00f6nemi vurguland\u0131.<\/p>\n<p style=\"text-align: justify;\">&#8220;Yapay Zeka ve Medya D\u00f6n\u00fc\u015f\u00fcm\u00fc&#8221; ba\u015fl\u0131\u011f\u0131n\u0131 ta\u015f\u0131yan zirve, aralar\u0131nda Suriye Arap Haber Ajans\u0131 &#8220;SANA&#8221;n\u0131n da bulundu\u011fu 208 b\u00fcy\u00fck medya kurulu\u015fu, devlet kurumu ve uluslararas\u0131 kurulu\u015ftan temsilciler de dahil olmak \u00fczere 106 \u00fclke ve b\u00f6lgeden 500&#8217;den fazla kat\u0131l\u0131mc\u0131n\u0131n kat\u0131l\u0131m\u0131yla ger\u00e7ekle\u015fti.<\/p>\n<p style=\"text-align: justify;\">Kat\u0131l\u0131mc\u0131lar, k\u00fcresel medya sahnesinde yapay zekan\u0131n sundu\u011fu zorluklarla y\u00fczle\u015fmede ve f\u0131rsatlardan yararlanmada medyan\u0131n \u00f6nemli rol\u00fcne dikkat \u00e7ekti.<\/p>\n<p style=\"text-align: justify;\">Kat\u0131l\u0131mc\u0131lar ayr\u0131ca, ekonomik ve sosyal kalk\u0131nman\u0131n \u00e7e\u015fitli y\u00f6nleri \u00fczerindeki derin etkisi nedeniyle bu istihbarat\u0131n y\u00f6netilmesi i\u00e7in uluslararas\u0131 \u00e7abalar\u0131n g\u00fc\u00e7lendirilmesi ve ayn\u0131 zamanda bu teknolojinin potansiyel tehlikeleri konusunda uyar\u0131da bulunulmas\u0131 \u00e7a\u011fr\u0131s\u0131nda bulundular.<\/p>\n<p style=\"text-align: justify;\">Zirve oturum aralar\u0131nda, toplant\u0131ya kat\u0131lan \u00f6nemli medya kurulu\u015flar\u0131, devlet kurumlar\u0131 ve uluslararas\u0131 kurulu\u015flar\u0131n temsilcileri, zirveye kat\u0131l\u0131mlar\u0131 ve eyaletin \u00e7e\u015fitli b\u00f6lgelerine yapt\u0131klar\u0131 ziyaretler s\u0131ras\u0131nda Sincan&#8217;da tan\u0131k olduklar\u0131 h\u0131zl\u0131 ve olumlu geli\u015fmelerden duyduklar\u0131 memnuniyeti dile getirdi.<\/p>\n<article id=\"the-post\" class=\"post-listing post-310515 post type-post status-publish format-standard has-post-thumbnail category-haber-seridi category-haberler-yerel category-son-haberler category-yerel tag-lubnandan-gelenlere-mudahale-cabalarinin-koordinasyonu-konusunda-ukk-baskaniyla-gorusru tag-yerel-yonetim-bakani\">\n<div class=\"post-inner\">\n<div class=\"entry\">\n<p style=\"text-align: center;\"><strong><a href=\"https:\/\/t.me\/SuriyeArapHaberAjansI\">Telegram Kanal\u0131m\u0131z\u00a0<\/a>||<a href=\"https:\/\/twitter.com\/arap_ajans\">X Platformumuz\u00a0<\/a>||<a href=\"https:\/\/www.facebook.com\/SANAHaberAjansi\/\">Facebook Sayfam\u0131z<\/a><\/strong><\/p>\n<\/div>\n<div class=\"clear\"><\/div>\n<\/div>\n<\/article>\n<div class=\"post-navigation\">\n<div class=\"post-previous\"><\/div>\n<\/div>\n","protected":false},"excerpt":{"rendered":"<p>PEK\u0130N (SANA) &#8211; \u00c7in&#8217;in Sincan eyaletinin ba\u015fkenti Urum\u00e7i \u015fehrinde d\u00fczenlenen Alt\u0131nc\u0131 D\u00fcnya Medya Zirvesi&#8217;nde, yapay zekan\u0131n medya \u00e7al\u0131\u015fmalar\u0131nda sorumlu bir \u015fekilde kullan\u0131lmas\u0131na y\u00f6nelik yenilik\u00e7i y\u00f6ntemlerin benimsenmesinin \u00f6nemi vurguland\u0131. &#8220;Yapay Zeka ve Medya D\u00f6n\u00fc\u015f\u00fcm\u00fc&#8221; ba\u015fl\u0131\u011f\u0131n\u0131 ta\u015f\u0131yan zirve, aralar\u0131nda Suriye Arap Haber Ajans\u0131 &#8220;SANA&#8221;n\u0131n da bulundu\u011fu 208 b\u00fcy\u00fck medya kurulu\u015fu, devlet kurumu ve uluslararas\u0131 kurulu\u015ftan temsilciler de &hellip;<\/p>\n","protected":false},"author":41,"featured_media":310525,"comment_status":"closed","ping_status":"closed","sticky":false,"template":"","format":"standard","meta":{"footnotes":""},"categories":[458,589,459,17988],"tags":[42728,18632],"class_list":["post-310524","post","type-post","status-publish","format-standard","has-post-thumbnail","","category-dunya1","category-haber-seridi","category-haberler-arap-uluslararasi-politika","category-son-haberler","tag-cindeki-dunya-medya-zirvesine-katildi","tag-sana"],"_links":{"self":[{"href":"https:\/\/archive.sana.sy\/tr\/index.php?rest_route=\/wp\/v2\/posts\/310524","targetHints":{"allow":["GET"]}}],"collection":[{"href":"https:\/\/archive.sana.sy\/tr\/index.php?rest_route=\/wp\/v2\/posts"}],"about":[{"href":"https:\/\/archive.sana.sy\/tr\/index.php?rest_route=\/wp\/v2\/types\/post"}],"author":[{"embeddable":true,"href":"https:\/\/archive.sana.sy\/tr\/index.php?rest_route=\/wp\/v2\/users\/41"}],"replies":[{"embeddable":true,"href":"https:\/\/archive.sana.sy\/tr\/index.php?rest_route=%2Fwp%2Fv2%2Fcomments&post=310524"}],"version-history":[{"count":1,"href":"https:\/\/archive.sana.sy\/tr\/index.php?rest_route=\/wp\/v2\/posts\/310524\/revisions"}],"predecessor-version":[{"id":310526,"href":"https:\/\/archive.sana.sy\/tr\/index.php?rest_route=\/wp\/v2\/posts\/310524\/revisions\/310526"}],"wp:featuredmedia":[{"embeddable":true,"href":"https:\/\/archive.sana.sy\/tr\/index.php?rest_route=\/wp\/v2\/media\/310525"}],"wp:attachment":[{"href":"https:\/\/archive.sana.sy\/tr\/index.php?rest_route=%2Fwp%2Fv2%2Fmedia&parent=310524"}],"wp:term":[{"taxonomy":"category","embeddable":true,"href":"https:\/\/archive.sana.sy\/tr\/index.php?rest_route=%2Fwp%2Fv2%2Fcategories&post=310524"},{"taxonomy":"post_tag","embeddable":true,"href":"https:\/\/archive.sana.sy\/tr\/index.php?rest_route=%2Fwp%2Fv2%2Ftags&post=310524"}],"curies":[{"name":"wp","href":"https:\/\/api.w.org\/{rel}","templated":true}]}}