{"id":310527,"date":"2024-10-24T18:49:02","date_gmt":"2024-10-24T15:49:02","guid":{"rendered":"https:\/\/sana.sy\/tr\/?p=310527"},"modified":"2024-10-24T18:50:37","modified_gmt":"2024-10-24T15:50:37","slug":"dusman-israilin-lubnanin-dogusundaki-el-kadir-kasabasinda-duzenledigi-katliamda-6-sehit-14-yarali","status":"publish","type":"post","link":"https:\/\/archive.sana.sy\/tr\/?p=310527","title":{"rendered":"D\u00fc\u015fman \u0130srail\u2019in L\u00fcbnan&#8217;\u0131n Do\u011fusundaki El Kadir Kasabas\u0131nda D\u00fczenledi\u011fi Katliamda 6 \u015eehit, 14 Yaral\u0131"},"content":{"rendered":"<p style=\"text-align: justify;\"><strong>\u0130\u015eGAL ED\u0130LEN KUD\u00dcS (SANA)<\/strong> &#8211;\u00a0 Baalbek il\u00e7esine ba\u011fl\u0131 EL H\u0131d\u0131r kasabas\u0131nda \u0130srail d\u00fc\u015fman u\u00e7aklar\u0131n\u0131n ger\u00e7ekle\u015ftirdi\u011fi katliam sonucu 6 ki\u015fi \u015fehit oldu, 14 ki\u015fi de yaraland\u0131.<\/p>\n<p style=\"text-align: justify;\">L\u00fcbnan Haber Ajans\u0131, El H\u0131d\u0131r \u00a0kasabas\u0131ndaki moloz kald\u0131rma operasyonunun tamamland\u0131\u011f\u0131n\u0131 ve sivil savunma itfaiye ekipleri, \u0130slam Sa\u011fl\u0131k Kurumu&#8217;ndan sivil savunma g\u00f6n\u00fcll\u00fcleri, \u00f6zel buldozerler ve kasaba halk\u0131n\u0131n kat\u0131ld\u0131\u011f\u0131 ambulans ve kurtarma \u00e7al\u0131\u015fmalar\u0131n\u0131n tamamland\u0131\u011f\u0131n\u0131 duyurdu.<\/p>\n<p style=\"text-align: justify;\">Ajans ayr\u0131ca, \u2018\u2019Katliamda son \u00f6l\u00fc say\u0131s\u0131 3&#8217;\u00fc kad\u0131n 6 \u015fehit ve hastanelere kald\u0131r\u0131larak tedavi alt\u0131na al\u0131nan 14 yaral\u0131 oldu\u2019\u2019 ifadeleri s\u00f6zlerine ekledi.<\/p>\n<p style=\"text-align: center;\"><strong><a href=\"https:\/\/t.me\/SuriyeArapHaberAjansI\">Telegram Kanal\u0131m\u0131z\u00a0<\/a>||<a href=\"https:\/\/twitter.com\/arap_ajans\">X Platformumuz\u00a0<\/a>||<a href=\"https:\/\/www.facebook.com\/SANAHaberAjansi\/\">Facebook Sayfam\u0131z<\/a><\/strong><\/p>\n","protected":false},"excerpt":{"rendered":"<p>\u0130\u015eGAL ED\u0130LEN KUD\u00dcS (SANA) &#8211;\u00a0 Baalbek il\u00e7esine ba\u011fl\u0131 EL H\u0131d\u0131r kasabas\u0131nda \u0130srail d\u00fc\u015fman u\u00e7aklar\u0131n\u0131n ger\u00e7ekle\u015ftirdi\u011fi katliam sonucu 6 ki\u015fi \u015fehit oldu, 14 ki\u015fi de yaraland\u0131. L\u00fcbnan Haber Ajans\u0131, El H\u0131d\u0131r \u00a0kasabas\u0131ndaki moloz kald\u0131rma operasyonunun tamamland\u0131\u011f\u0131n\u0131 ve sivil savunma itfaiye ekipleri, \u0130slam Sa\u011fl\u0131k Kurumu&#8217;ndan sivil savunma g\u00f6n\u00fcll\u00fcleri, \u00f6zel buldozerler ve kasaba halk\u0131n\u0131n kat\u0131ld\u0131\u011f\u0131 ambulans ve kurtarma &hellip;<\/p>\n","protected":false},"author":41,"featured_media":310528,"comment_status":"closed","ping_status":"closed","sticky":false,"template":"","format":"standard","meta":{"footnotes":""},"categories":[458,589,459,17988],"tags":[35175,42729],"class_list":["post-310527","post","type-post","status-publish","format-standard","has-post-thumbnail","","category-dunya1","category-haber-seridi","category-haberler-arap-uluslararasi-politika","category-son-haberler","tag-14-yarali","tag-dusman-israilin-lubnanin-dogusundaki-el-kadir-kasabasinda-duzenledigi-katliamda-6-sehit"],"_links":{"self":[{"href":"https:\/\/archive.sana.sy\/tr\/index.php?rest_route=\/wp\/v2\/posts\/310527","targetHints":{"allow":["GET"]}}],"collection":[{"href":"https:\/\/archive.sana.sy\/tr\/index.php?rest_route=\/wp\/v2\/posts"}],"about":[{"href":"https:\/\/archive.sana.sy\/tr\/index.php?rest_route=\/wp\/v2\/types\/post"}],"author":[{"embeddable":true,"href":"https:\/\/archive.sana.sy\/tr\/index.php?rest_route=\/wp\/v2\/users\/41"}],"replies":[{"embeddable":true,"href":"https:\/\/archive.sana.sy\/tr\/index.php?rest_route=%2Fwp%2Fv2%2Fcomments&post=310527"}],"version-history":[{"count":1,"href":"https:\/\/archive.sana.sy\/tr\/index.php?rest_route=\/wp\/v2\/posts\/310527\/revisions"}],"predecessor-version":[{"id":310529,"href":"https:\/\/archive.sana.sy\/tr\/index.php?rest_route=\/wp\/v2\/posts\/310527\/revisions\/310529"}],"wp:featuredmedia":[{"embeddable":true,"href":"https:\/\/archive.sana.sy\/tr\/index.php?rest_route=\/wp\/v2\/media\/310528"}],"wp:attachment":[{"href":"https:\/\/archive.sana.sy\/tr\/index.php?rest_route=%2Fwp%2Fv2%2Fmedia&parent=310527"}],"wp:term":[{"taxonomy":"category","embeddable":true,"href":"https:\/\/archive.sana.sy\/tr\/index.php?rest_route=%2Fwp%2Fv2%2Fcategories&post=310527"},{"taxonomy":"post_tag","embeddable":true,"href":"https:\/\/archive.sana.sy\/tr\/index.php?rest_route=%2Fwp%2Fv2%2Ftags&post=310527"}],"curies":[{"name":"wp","href":"https:\/\/api.w.org\/{rel}","templated":true}]}}