{"id":310622,"date":"2024-10-27T11:20:34","date_gmt":"2024-10-27T08:20:34","guid":{"rendered":"https:\/\/sana.sy\/tr\/?p=310622"},"modified":"2024-10-27T18:52:32","modified_gmt":"2024-10-27T15:52:32","slug":"siyonist-saldirganliga-yanit-verme-hakkinin-oldugunu-vurgulayan-iran-guvenlik-konseyinin-acil-toplanmasini-talep-etti","status":"publish","type":"post","link":"https:\/\/archive.sana.sy\/tr\/?p=310622","title":{"rendered":"Siyonist Sald\u0131rganl\u0131\u011fa Yan\u0131t Verme Hakk\u0131n\u0131n Oldu\u011funu Vurgulayan&#8230; \u0130ran G\u00fcvenlik Konseyi\u2019nin Acil Toplanmas\u0131n\u0131 Talep Etti"},"content":{"rendered":"<p style=\"text-align: justify;\">NEW YORK VE BR\u00dcKSEL (SANA) \u2013 \u0130ran D\u0131\u015fi\u015fleri Bakan\u0131 Abbas Erak\u00e7\u0131, hem Birle\u015fmi\u015f Milletler Genel Sekreteri&#8217;ne hem de BM G\u00fcvenlik Konseyi Ba\u015fkan\u0131&#8217;na hitaben yazd\u0131\u011f\u0131 bir mektupta, \u0130ran&#8217;\u0131n kendisine y\u00f6nelik Siyonist sald\u0131rganl\u0131\u011f\u0131na yan\u0131t verme konusundaki yasal ve me\u015fru hakk\u0131n\u0131 yenileyerek, BM G\u00fcvenlik Konseyi&#8217;nin bu sald\u0131rganl\u0131\u011fa ili\u015fkin acil toplant\u0131 yapmas\u0131 \u00e7a\u011fr\u0131s\u0131nda bulundu.<\/p>\n<p style=\"text-align: justify;\">\u0130ranl\u0131 haber ajans\u0131 IRNA&#8217;n\u0131n aktard\u0131\u011f\u0131 Erak\u00e7\u0131&#8217;n\u0131n mektubunda \u200b\u200b\u015fu ifadelere yer verildi, &#8220;\u0130ran&#8217;\u0131n Siyonist varl\u0131\u011f\u0131n ger\u00e7ekle\u015ftirdi\u011fi bu kas\u0131tl\u0131 ve sald\u0131rgan eylemleri \u015fiddetle k\u0131nad\u0131&#8230; Bu varl\u0131\u011f\u0131n taraf\u0131ndan ger\u00e7ekle\u015ftirilen hukuka ayk\u0131r\u0131 sald\u0131rganl\u0131klar, uluslararas\u0131 hukukun temel ilkelerini ve Birle\u015fmi\u015f Milletler \u015eart\u0131&#8217;n\u0131n, \u00f6zellikle de herhangi bir \u00fclkenin egemenli\u011fine ve toprak b\u00fct\u00fcnl\u00fc\u011f\u00fcne kar\u015f\u0131 g\u00fc\u00e7 kullan\u0131lmas\u0131n\u0131 a\u00e7\u0131k\u00e7a yasaklayan 2. Maddenin 4. paragraf\u0131n\u0131 ihlal etti&#8221;, Uluslararas\u0131 yasalar\u0131n, Siyonist varl\u0131\u011f\u0131n eylemlerini uluslararas\u0131 bar\u0131\u015f ve g\u00fcvenlik i\u00e7in ciddi bir tehdit olarak g\u00f6rd\u00fc\u011f\u00fcne ve b\u00f6lgedeki istikrars\u0131zl\u0131\u011f\u0131 artt\u0131rd\u0131\u011f\u0131na dikkat \u00e7ekti.<\/p>\n<p style=\"text-align: justify;\">\u0130ran D\u0131\u015fi\u015fleri Bakan\u0131 mektubunda, \u00fclkesinin bu canice sald\u0131rganl\u0131klara, Birle\u015fmi\u015f Milletler \u015eart\u0131&#8217;nda yer alan ilkeler do\u011frultusunda ve uluslararas\u0131 hukuka uygun olarak zaman\u0131nda, yasal ve me\u015fru bir \u015fekilde yan\u0131t verme hakk\u0131n\u0131 sakl\u0131 tuttu\u011funu vurgulad\u0131.<\/p>\n<p style=\"text-align: justify;\">Erak\u00e7\u0131, Siyonist varl\u0131\u011f\u0131n ba\u015flatt\u0131\u011f\u0131 sald\u0131rganl\u0131klar\u0131n sonu\u00e7lar\u0131 konusunda uyar\u0131da bulunarak, Birle\u015fmi\u015f Milletler Genel Sekreteri ve G\u00fcvenlik Konseyi&#8217;ni kararl\u0131 bir duru\u015f sergilemeye ve kurulu\u015fun ger\u00e7ekle\u015ftirdi\u011fi bu sald\u0131rgan eylemleri g\u00fc\u00e7l\u00fc ve ko\u015fulsuz olarak k\u0131namaya \u00e7a\u011f\u0131rarak, uluslararas\u0131 hukukun ve Birle\u015fmi\u015f Milletler T\u00fcz\u00fc\u011f\u00fc&#8217;n\u00fcn bu kadar bariz ihlallerinin yan\u0131ts\u0131z kalmayaca\u011f\u0131n\u0131n a\u00e7\u0131k\u00e7a belirtilmesini talep etti.<\/p>\n<p style=\"text-align: justify;\">Bakan Erak\u00e7\u0131 ayr\u0131ca, G\u00fcvenlik Konseyi Ba\u015fkan\u0131n\u0131 bu a\u011f\u0131r ihlal ve yasa d\u0131\u015f\u0131 tedbirlerle y\u00fczle\u015fmek ve bu su\u00e7 varl\u0131\u011f\u0131n\u0131n sorumlu tutulmas\u0131n\u0131 sa\u011flamak i\u00e7in acil bir oturum d\u00fczenlemeye \u00e7a\u011f\u0131rd\u0131.<\/p>\n<p style=\"text-align: center;\"><strong><a href=\"https:\/\/t.me\/SuriyeArapHaberAjansI\">Telegram Kanal\u0131m\u0131z\u00a0<\/a>||<a href=\"https:\/\/twitter.com\/arap_ajans\">X Platformumuz\u00a0<\/a>||<a href=\"https:\/\/www.facebook.com\/SANAHaberAjansi\/\">Facebook Sayfam\u0131z<\/a><\/strong><\/p>\n","protected":false},"excerpt":{"rendered":"<p>NEW YORK VE BR\u00dcKSEL (SANA) \u2013 \u0130ran D\u0131\u015fi\u015fleri Bakan\u0131 Abbas Erak\u00e7\u0131, hem Birle\u015fmi\u015f Milletler Genel Sekreteri&#8217;ne hem de BM G\u00fcvenlik Konseyi Ba\u015fkan\u0131&#8217;na hitaben yazd\u0131\u011f\u0131 bir mektupta, \u0130ran&#8217;\u0131n kendisine y\u00f6nelik Siyonist sald\u0131rganl\u0131\u011f\u0131na yan\u0131t verme konusundaki yasal ve me\u015fru hakk\u0131n\u0131 yenileyerek, BM G\u00fcvenlik Konseyi&#8217;nin bu sald\u0131rganl\u0131\u011fa ili\u015fkin acil toplant\u0131 yapmas\u0131 \u00e7a\u011fr\u0131s\u0131nda bulundu. \u0130ranl\u0131 haber ajans\u0131 IRNA&#8217;n\u0131n aktard\u0131\u011f\u0131 &hellip;<\/p>\n","protected":false},"author":39,"featured_media":310623,"comment_status":"closed","ping_status":"closed","sticky":false,"template":"","format":"standard","meta":{"footnotes":""},"categories":[1],"tags":[],"class_list":["post-310622","post","type-post","status-publish","format-standard","has-post-thumbnail","","category-news-not-sorted"],"_links":{"self":[{"href":"https:\/\/archive.sana.sy\/tr\/index.php?rest_route=\/wp\/v2\/posts\/310622","targetHints":{"allow":["GET"]}}],"collection":[{"href":"https:\/\/archive.sana.sy\/tr\/index.php?rest_route=\/wp\/v2\/posts"}],"about":[{"href":"https:\/\/archive.sana.sy\/tr\/index.php?rest_route=\/wp\/v2\/types\/post"}],"author":[{"embeddable":true,"href":"https:\/\/archive.sana.sy\/tr\/index.php?rest_route=\/wp\/v2\/users\/39"}],"replies":[{"embeddable":true,"href":"https:\/\/archive.sana.sy\/tr\/index.php?rest_route=%2Fwp%2Fv2%2Fcomments&post=310622"}],"version-history":[{"count":4,"href":"https:\/\/archive.sana.sy\/tr\/index.php?rest_route=\/wp\/v2\/posts\/310622\/revisions"}],"predecessor-version":[{"id":310655,"href":"https:\/\/archive.sana.sy\/tr\/index.php?rest_route=\/wp\/v2\/posts\/310622\/revisions\/310655"}],"wp:featuredmedia":[{"embeddable":true,"href":"https:\/\/archive.sana.sy\/tr\/index.php?rest_route=\/wp\/v2\/media\/310623"}],"wp:attachment":[{"href":"https:\/\/archive.sana.sy\/tr\/index.php?rest_route=%2Fwp%2Fv2%2Fmedia&parent=310622"}],"wp:term":[{"taxonomy":"category","embeddable":true,"href":"https:\/\/archive.sana.sy\/tr\/index.php?rest_route=%2Fwp%2Fv2%2Fcategories&post=310622"},{"taxonomy":"post_tag","embeddable":true,"href":"https:\/\/archive.sana.sy\/tr\/index.php?rest_route=%2Fwp%2Fv2%2Ftags&post=310622"}],"curies":[{"name":"wp","href":"https:\/\/api.w.org\/{rel}","templated":true}]}}