{"id":310647,"date":"2024-10-27T10:16:38","date_gmt":"2024-10-27T07:16:38","guid":{"rendered":"https:\/\/sana.sy\/tr\/?p=310647"},"modified":"2024-10-27T18:21:46","modified_gmt":"2024-10-27T15:21:46","slug":"iran-israilin-kendisine-yonelik-saldirganligini-kinamak-icin-gknin-toplanmasini-talep-etti","status":"publish","type":"post","link":"https:\/\/archive.sana.sy\/tr\/?p=310647","title":{"rendered":"\u0130ran, \u0130srail&#8217;in Kendisine Y\u00f6nelik Sald\u0131rganl\u0131\u011f\u0131n\u0131 K\u0131namak \u0130\u00e7in GK&#8217;nin Toplanmas\u0131n\u0131 Talep Etti"},"content":{"rendered":"<p style=\"text-align: justify;\"><strong>TAHRAN (SANA) &#8211;<\/strong>\u00a0 \u0130ran bug\u00fcn, \u0130srail&#8217;in kendi topraklar\u0131na y\u00f6nelik sald\u0131rganl\u0131\u011f\u0131n\u0131 k\u0131namak i\u00e7in kararl\u0131 bir duru\u015f sergilemek amac\u0131yla G\u00fcvenlik Konseyi&#8217;nin acil toplant\u0131ya \u00e7a\u011fr\u0131lmas\u0131n\u0131 istedi.<\/p>\n<p style=\"text-align: justify;\">\u0130ran Haber Ajans\u0131, \u0130ran D\u0131\u015fi\u015fleri Bakan\u0131 Abbas Irak\u00e7i&#8217;nin, Birle\u015fmi\u015f Milletler Genel Sekreteri Antonio Guterres&#8217;e g\u00f6nderdi\u011fi bir mektupta, bu Siyonist sald\u0131rganl\u0131\u011f\u0131n \u0130ran&#8217;\u0131n egemenli\u011fi ve toprak b\u00fct\u00fcnl\u00fc\u011f\u00fc ile uluslararas\u0131 hukukun temellerinin a\u00e7\u0131k bir ihlali oldu\u011funu do\u011frulad\u0131\u011f\u0131n\u0131 aktard\u0131.<\/p>\n<p style=\"text-align: justify;\">Irak\u00e7i, \u00fclkesinin, Birle\u015fmi\u015f Milletler T\u00fcz\u00fc\u011f\u00fc&#8217;nde belirtilen ilkeler ve uluslararas\u0131 hukuk \u00e7er\u00e7eveleri uyar\u0131nca, \u00fclkedeki askeri merkezleri hedef alan Siyonist sald\u0131rganl\u0131\u011fa yan\u0131t verme hakk\u0131n\u0131n oldu\u011funu vurgularken, bu sald\u0131rganl\u0131\u011f\u0131n, Gazze&#8217;deki soyk\u0131r\u0131m su\u00e7lar\u0131n\u0131n devam etti\u011fi ve L\u00fcbnan&#8217;da uluslararas\u0131 bar\u0131\u015f ve g\u00fcvenlik i\u00e7in ciddi bir tehdit olu\u015fturan ve b\u00f6lgede daha fazla kaosa yol a\u00e7an sava\u015f\u0131n y\u00fcr\u00fct\u00fclmesinin devam etmesine dikkat \u00e7ekti.<\/p>\n<p style=\"text-align: center;\"><strong><a href=\"https:\/\/t.me\/SuriyeArapHaberAjansI\">Telegram Kanal\u0131m\u0131z\u00a0<\/a>||<a href=\"https:\/\/twitter.com\/arap_ajans\">X Platformumuz\u00a0<\/a>||<a href=\"https:\/\/www.facebook.com\/SANAHaberAjansi\/\">Facebook Sayfam\u0131z<\/a><\/strong><\/p>\n","protected":false},"excerpt":{"rendered":"<p>TAHRAN (SANA) &#8211;\u00a0 \u0130ran bug\u00fcn, \u0130srail&#8217;in kendi topraklar\u0131na y\u00f6nelik sald\u0131rganl\u0131\u011f\u0131n\u0131 k\u0131namak i\u00e7in kararl\u0131 bir duru\u015f sergilemek amac\u0131yla G\u00fcvenlik Konseyi&#8217;nin acil toplant\u0131ya \u00e7a\u011fr\u0131lmas\u0131n\u0131 istedi. \u0130ran Haber Ajans\u0131, \u0130ran D\u0131\u015fi\u015fleri Bakan\u0131 Abbas Irak\u00e7i&#8217;nin, Birle\u015fmi\u015f Milletler Genel Sekreteri Antonio Guterres&#8217;e g\u00f6nderdi\u011fi bir mektupta, bu Siyonist sald\u0131rganl\u0131\u011f\u0131n \u0130ran&#8217;\u0131n egemenli\u011fi ve toprak b\u00fct\u00fcnl\u00fc\u011f\u00fc ile uluslararas\u0131 hukukun temellerinin a\u00e7\u0131k bir ihlali &hellip;<\/p>\n","protected":false},"author":41,"featured_media":310648,"comment_status":"closed","ping_status":"closed","sticky":false,"template":"","format":"standard","meta":{"footnotes":""},"categories":[458,589,459,17988],"tags":[],"class_list":["post-310647","post","type-post","status-publish","format-standard","has-post-thumbnail","","category-dunya1","category-haber-seridi","category-haberler-arap-uluslararasi-politika","category-son-haberler"],"_links":{"self":[{"href":"https:\/\/archive.sana.sy\/tr\/index.php?rest_route=\/wp\/v2\/posts\/310647","targetHints":{"allow":["GET"]}}],"collection":[{"href":"https:\/\/archive.sana.sy\/tr\/index.php?rest_route=\/wp\/v2\/posts"}],"about":[{"href":"https:\/\/archive.sana.sy\/tr\/index.php?rest_route=\/wp\/v2\/types\/post"}],"author":[{"embeddable":true,"href":"https:\/\/archive.sana.sy\/tr\/index.php?rest_route=\/wp\/v2\/users\/41"}],"replies":[{"embeddable":true,"href":"https:\/\/archive.sana.sy\/tr\/index.php?rest_route=%2Fwp%2Fv2%2Fcomments&post=310647"}],"version-history":[{"count":2,"href":"https:\/\/archive.sana.sy\/tr\/index.php?rest_route=\/wp\/v2\/posts\/310647\/revisions"}],"predecessor-version":[{"id":310650,"href":"https:\/\/archive.sana.sy\/tr\/index.php?rest_route=\/wp\/v2\/posts\/310647\/revisions\/310650"}],"wp:featuredmedia":[{"embeddable":true,"href":"https:\/\/archive.sana.sy\/tr\/index.php?rest_route=\/wp\/v2\/media\/310648"}],"wp:attachment":[{"href":"https:\/\/archive.sana.sy\/tr\/index.php?rest_route=%2Fwp%2Fv2%2Fmedia&parent=310647"}],"wp:term":[{"taxonomy":"category","embeddable":true,"href":"https:\/\/archive.sana.sy\/tr\/index.php?rest_route=%2Fwp%2Fv2%2Fcategories&post=310647"},{"taxonomy":"post_tag","embeddable":true,"href":"https:\/\/archive.sana.sy\/tr\/index.php?rest_route=%2Fwp%2Fv2%2Ftags&post=310647"}],"curies":[{"name":"wp","href":"https:\/\/api.w.org\/{rel}","templated":true}]}}