{"id":31070,"date":"2015-04-27T10:36:58","date_gmt":"2015-04-27T07:36:58","guid":{"rendered":"http:\/\/www.sana.sy\/tr\/?p=31070"},"modified":"2015-04-27T10:36:58","modified_gmt":"2015-04-27T07:36:58","slug":"suudi-rejimi-sinir-bolgelerini-top-atislariyla-vururken-yemenli-kabilelerle-catismalarda-2-zirhli-araclari-yandi","status":"publish","type":"post","link":"https:\/\/archive.sana.sy\/tr\/?p=31070","title":{"rendered":"Suudi Rejimi S\u0131n\u0131r B\u00f6lgelerini Top At\u0131\u015flar\u0131yla Vururken Yemenli Kabilelerle \u00c7at\u0131\u015fmalarda 2 Z\u0131rhl\u0131 Ara\u00e7lar\u0131 Yand\u0131"},"content":{"rendered":"<p>SANA \u2013 Yemen\u2019le s\u0131n\u0131r b\u00f6lgelerine y\u00f6nelik top at\u0131\u015flar\u0131n\u0131 s\u00fcrd\u00fcren Suudi rejimi, Yemen\u2019in kuzeyinde Harad ve Midi aras\u0131nda uzanan b\u00f6lge yan\u0131 s\u0131ra el Mezrak, zirai el Hadra ve el Hasire B\u00f6lgelerini hedef ald\u0131.<\/p>\n<p>Yemenli bir yetkili yapt\u0131\u011f\u0131 a\u00e7\u0131klamada, Suudi ordusu tanklar\u0131n\u0131n d\u00fcn gece, \u00fclkenin kuzeyindeki Tabize B\u00f6lgesinde yer alan vatanda\u015flar\u0131n \u00e7iftliklerini hedef ald\u0131\u011f\u0131n\u0131 ve bu sald\u0131r\u0131lar sonucunda vatanda\u015flardan birinin evinin etkilendi\u011fini s\u00f6yledi.<\/p>\n<p>Yemenli kaynaklar, Yemenli kabilelerle Suudi g\u00fc\u00e7leri aras\u0131nda \u015fiddetli \u00e7at\u0131\u015fmalar\u0131n ya\u015fand\u0131\u011f\u0131n\u0131 bunun sonucunda Suudi s\u0131n\u0131r muhafazaya ba\u011fl\u0131 iki z\u0131rhl\u0131 ara\u00e7lar\u0131n\u0131n yanmas\u0131na, kabile silahl\u0131lar\u0131ndan 3 ki\u015finin yaralanmas\u0131na neden oldu\u011funu belirterek, z\u0131rhl\u0131 ara\u00e7lar\u0131 ve askeri donan\u0131mlar ta\u015f\u0131yan Suudili g\u00fc\u00e7lerin Yemen ile s\u0131n\u0131rda Suudi Arabistan\u2019a tabi son noktaya vard\u0131\u011f\u0131n\u0131 ifade etti.<\/p>\n<p>\u00d6te yandan Yemen\u2019in Ba\u015fkenti Sana\u2019da yolsuzlukla m\u00fccadele ile hak ve \u00f6zg\u00fcrl\u00fckleri savunmak i\u00e7in \u00f6zg\u00fcrl\u00fck evi kurumu yay\u0131nlad\u0131\u011f\u0131 raporda, 26 Mart tarihinden bu yana Yemen\u2019e y\u00f6nelik s\u00fcregelen\u00a0 Suudi sald\u0131r\u0131lar\u0131nda hayatlar\u0131n\u0131 kaybedenlerin say\u0131s\u0131n\u0131n, aralar\u0131nda 15 ya\u015f\u0131n\u0131 a\u015fmam\u0131\u015f 492 \u00e7ocuk ve yakla\u015f\u0131k 209 kad\u0131n\u0131n bulundu\u011fu 3512 ki\u015fiye vard\u0131\u011f\u0131n\u0131, aralar\u0131nda a\u011f\u0131r olmak \u00fczere 6189 ki\u015finin de yaraland\u0131\u011f\u0131n\u0131 ilan etti.<\/p>\n<p>D\u00fcn ise Yemen\u2019in g\u00fcneyindeki Lahc Kentinde Suudili sava\u015f u\u00e7aklar\u0131n\u0131n bir yolcu otob\u00fcs\u00fcn\u00fc hedef almas\u0131 sonucunda 2 Yemenli hayat\u0131n\u0131 kaybetmi\u015f 5 ki\u015fi de yaralanm\u0131\u015f, Sana ve \u00e7evresindeki b\u00f6lgelere y\u00f6nelik s\u00fcregelen bombard\u0131manlar sonucunda Heziz B\u00f6lgesinde bir k\u0131z \u00e7ocu\u011fu hayat\u0131n\u0131 kaybetmi\u015f 4 ki\u015fi de yaralanm\u0131\u015ft\u0131.<\/p>\n<p>Siyasi y\u00f6nden ise SEBE haber ajans\u0131n\u0131n bildirdi\u011fine g\u00f6re, Yemen\u2019de siyasi parti ve olu\u015fumlar\u0131 BM Genel Sekreteri Ban Ki-moon\u2019a g\u00f6nderdikleri mektuplar\u0131nda,\u00a0 Yemenli muhtelif taraflar ve siyasi olu\u015fumlar aras\u0131ndaki diyalog \u00e7al\u0131\u015fmalar\u0131n\u0131 \u00fcstlenmeye devam etmesi talebinde bulundu.<\/p>\n<p>S.\u015e. &#8211; R.H.<\/p>\n","protected":false},"excerpt":{"rendered":"<p>SANA \u2013 Yemen\u2019le s\u0131n\u0131r b\u00f6lgelerine y\u00f6nelik top at\u0131\u015flar\u0131n\u0131 s\u00fcrd\u00fcren Suudi rejimi, Yemen\u2019in kuzeyinde Harad ve Midi aras\u0131nda uzanan b\u00f6lge yan\u0131 s\u0131ra el Mezrak, zirai el Hadra ve el Hasire B\u00f6lgelerini hedef ald\u0131. Yemenli bir yetkili yapt\u0131\u011f\u0131 a\u00e7\u0131klamada, Suudi ordusu tanklar\u0131n\u0131n d\u00fcn gece, \u00fclkenin kuzeyindeki Tabize B\u00f6lgesinde yer alan vatanda\u015flar\u0131n \u00e7iftliklerini hedef ald\u0131\u011f\u0131n\u0131 ve bu sald\u0131r\u0131lar &hellip;<\/p>\n","protected":false},"author":1,"featured_media":31071,"comment_status":"closed","ping_status":"closed","sticky":false,"template":"","format":"standard","meta":{"footnotes":""},"categories":[458,459,447],"tags":[14081,14082,14083],"class_list":["post-31070","post","type-post","status-publish","format-standard","has-post-thumbnail","","category-dunya1","category-haberler-arap-uluslararasi-politika","category-politika","tag-suudi-rejimi-sinir-bolgelerini-top-atislariyla-vururken-yemenli-kabilelerle-catismalarda-2-zirhli-araclari-yandi-sana-yemenle-sinir-bolgelerine-yonelik-top-atislarini-surduren-suudi","tag-yemenin-kuzeyinde-harad-ve-midi-arasinda-uzanan-bolge-yani-sira-el-mezrak","tag-zirai-el-hadra-ve-el-hasire-bolgelerini-hedef-aldi"],"_links":{"self":[{"href":"https:\/\/archive.sana.sy\/tr\/index.php?rest_route=\/wp\/v2\/posts\/31070","targetHints":{"allow":["GET"]}}],"collection":[{"href":"https:\/\/archive.sana.sy\/tr\/index.php?rest_route=\/wp\/v2\/posts"}],"about":[{"href":"https:\/\/archive.sana.sy\/tr\/index.php?rest_route=\/wp\/v2\/types\/post"}],"author":[{"embeddable":true,"href":"https:\/\/archive.sana.sy\/tr\/index.php?rest_route=\/wp\/v2\/users\/1"}],"replies":[{"embeddable":true,"href":"https:\/\/archive.sana.sy\/tr\/index.php?rest_route=%2Fwp%2Fv2%2Fcomments&post=31070"}],"version-history":[{"count":0,"href":"https:\/\/archive.sana.sy\/tr\/index.php?rest_route=\/wp\/v2\/posts\/31070\/revisions"}],"wp:featuredmedia":[{"embeddable":true,"href":"https:\/\/archive.sana.sy\/tr\/index.php?rest_route=\/wp\/v2\/media\/31071"}],"wp:attachment":[{"href":"https:\/\/archive.sana.sy\/tr\/index.php?rest_route=%2Fwp%2Fv2%2Fmedia&parent=31070"}],"wp:term":[{"taxonomy":"category","embeddable":true,"href":"https:\/\/archive.sana.sy\/tr\/index.php?rest_route=%2Fwp%2Fv2%2Fcategories&post=31070"},{"taxonomy":"post_tag","embeddable":true,"href":"https:\/\/archive.sana.sy\/tr\/index.php?rest_route=%2Fwp%2Fv2%2Ftags&post=31070"}],"curies":[{"name":"wp","href":"https:\/\/api.w.org\/{rel}","templated":true}]}}