{"id":310726,"date":"2024-10-29T11:53:42","date_gmt":"2024-10-29T08:53:42","guid":{"rendered":"https:\/\/sana.sy\/tr\/?p=310726"},"modified":"2024-10-29T19:16:05","modified_gmt":"2024-10-29T16:16:05","slug":"isgalci-israilin-beyt-lahyada-yeni-bir-katliaminda-onlarca-sehit-ve-yarali","status":"publish","type":"post","link":"https:\/\/archive.sana.sy\/tr\/?p=310726","title":{"rendered":"\u0130\u015fgalci \u0130srail&#8217;in Beyit Lahiya&#8217;da Yeni Bir Katliam\u0131 Sonucu Onlarca \u015eehit Ve Yaral\u0131"},"content":{"rendered":"<p style=\"text-align: justify;\"><strong>\u0130\u015eGAL ED\u0130LEN KUD\u00dcS (SANA)<\/strong> \u2013 \u0130srail i\u015fgal g\u00fc\u00e7leri bug\u00fcn \u015fafak vakti, Gazze \u015eeridi yak\u0131nlar\u0131ndaki Beyit Lahiya&#8217;da yerinden edilmi\u015f ki\u015filerin bar\u0131nd\u0131\u011f\u0131 bir binan\u0131n bombalanmas\u0131 sonucu onlarca Filistinli \u015fehit d\u00fc\u015ft\u00fc ve yaraland\u0131.<\/p>\n<p style=\"text-align: justify;\">Filistin medyas\u0131, i\u015fgal u\u00e7aklar\u0131n\u0131n Gazze \u015eeridi&#8217;nin kuzeyindeki Beyit Lahiya b\u00f6lgesinde d\u00fczinelerce yerinden edilmi\u015f insan\u0131 bar\u0131nd\u0131ran bir konut binas\u0131n\u0131 bombalad\u0131\u011f\u0131n\u0131, bunun sonucunda 40&#8217;tan fazla \u015fehit ve onlarca Filistinlinin yaraland\u0131\u011f\u0131n\u0131 bildirdi.<\/p>\n<p style=\"text-align: justify;\">Filistin medyas\u0131 ayr\u0131ca, i\u015fgalin personel ve karargahlar\u0131n\u0131 hedef almas\u0131 nedeniyle \u00e7ok say\u0131da Filistinli sivil savunma ve ambulans ekibinin \u00e7al\u0131\u015fmalar\u0131n\u0131n durduruldu\u011funa i\u015faret etti.<\/p>\n<p style=\"text-align: justify;\">\u0130\u015fgal u\u00e7aklar\u0131n\u0131n Beyit Lahiya b\u00f6lgesindeki iki evi de bombalamas\u0131, 3&#8217;\u00fc \u00e7ocuk 7 Filistinlinin \u015fehit d\u00fc\u015fmesine, baz\u0131lar\u0131n\u0131n da yaralanmas\u0131na yol a\u00e7t\u0131. \u0130\u015fgal g\u00fc\u00e7leri Gazze \u015eeridi&#8217;nin kuzeyindeki Cebeliye kamp\u0131ndaki UNRWA&#8217;ya ba\u011fl\u0131 El Fahura Okulunu da yakt\u0131.<\/p>\n<p style=\"text-align: center;\"><strong><a href=\"https:\/\/t.me\/SuriyeArapHaberAjansI\">Telegram Kanal\u0131m\u0131z\u00a0<\/a>||<a href=\"https:\/\/twitter.com\/arap_ajans\">X Platformumuz\u00a0<\/a>||<a href=\"https:\/\/www.facebook.com\/SANAHaberAjansi\/\">Facebook Sayfam\u0131z<\/a><\/strong><\/p>\n","protected":false},"excerpt":{"rendered":"<p>\u0130\u015eGAL ED\u0130LEN KUD\u00dcS (SANA) \u2013 \u0130srail i\u015fgal g\u00fc\u00e7leri bug\u00fcn \u015fafak vakti, Gazze \u015eeridi yak\u0131nlar\u0131ndaki Beyit Lahiya&#8217;da yerinden edilmi\u015f ki\u015filerin bar\u0131nd\u0131\u011f\u0131 bir binan\u0131n bombalanmas\u0131 sonucu onlarca Filistinli \u015fehit d\u00fc\u015ft\u00fc ve yaraland\u0131. Filistin medyas\u0131, i\u015fgal u\u00e7aklar\u0131n\u0131n Gazze \u015eeridi&#8217;nin kuzeyindeki Beyit Lahiya b\u00f6lgesinde d\u00fczinelerce yerinden edilmi\u015f insan\u0131 bar\u0131nd\u0131ran bir konut binas\u0131n\u0131 bombalad\u0131\u011f\u0131n\u0131, bunun sonucunda 40&#8217;tan fazla \u015fehit ve &hellip;<\/p>\n","protected":false},"author":39,"featured_media":310727,"comment_status":"closed","ping_status":"closed","sticky":false,"template":"","format":"standard","meta":{"footnotes":""},"categories":[458,589,459,17988],"tags":[40319,42778],"class_list":["post-310726","post","type-post","status-publish","format-standard","has-post-thumbnail","","category-dunya1","category-haber-seridi","category-haberler-arap-uluslararasi-politika","category-son-haberler","tag-gazzede-son-gelimeler","tag-isgalci-israilin-beyit-lahiyada-yeni-bir-katliami-sonucu-onlarca-sehit-ve-yarali"],"_links":{"self":[{"href":"https:\/\/archive.sana.sy\/tr\/index.php?rest_route=\/wp\/v2\/posts\/310726","targetHints":{"allow":["GET"]}}],"collection":[{"href":"https:\/\/archive.sana.sy\/tr\/index.php?rest_route=\/wp\/v2\/posts"}],"about":[{"href":"https:\/\/archive.sana.sy\/tr\/index.php?rest_route=\/wp\/v2\/types\/post"}],"author":[{"embeddable":true,"href":"https:\/\/archive.sana.sy\/tr\/index.php?rest_route=\/wp\/v2\/users\/39"}],"replies":[{"embeddable":true,"href":"https:\/\/archive.sana.sy\/tr\/index.php?rest_route=%2Fwp%2Fv2%2Fcomments&post=310726"}],"version-history":[{"count":3,"href":"https:\/\/archive.sana.sy\/tr\/index.php?rest_route=\/wp\/v2\/posts\/310726\/revisions"}],"predecessor-version":[{"id":310761,"href":"https:\/\/archive.sana.sy\/tr\/index.php?rest_route=\/wp\/v2\/posts\/310726\/revisions\/310761"}],"wp:featuredmedia":[{"embeddable":true,"href":"https:\/\/archive.sana.sy\/tr\/index.php?rest_route=\/wp\/v2\/media\/310727"}],"wp:attachment":[{"href":"https:\/\/archive.sana.sy\/tr\/index.php?rest_route=%2Fwp%2Fv2%2Fmedia&parent=310726"}],"wp:term":[{"taxonomy":"category","embeddable":true,"href":"https:\/\/archive.sana.sy\/tr\/index.php?rest_route=%2Fwp%2Fv2%2Fcategories&post=310726"},{"taxonomy":"post_tag","embeddable":true,"href":"https:\/\/archive.sana.sy\/tr\/index.php?rest_route=%2Fwp%2Fv2%2Ftags&post=310726"}],"curies":[{"name":"wp","href":"https:\/\/api.w.org\/{rel}","templated":true}]}}