{"id":310730,"date":"2024-10-29T12:31:15","date_gmt":"2024-10-29T09:31:15","guid":{"rendered":"https:\/\/sana.sy\/tr\/?p=310730"},"modified":"2024-10-29T19:22:15","modified_gmt":"2024-10-29T16:22:15","slug":"israilin-baalbek-hermel-ve-bekaaya-duzenledigi-hava-saldirganliklari-sonucu-60-sehit-ve-onlarca-kisi-yaralandi","status":"publish","type":"post","link":"https:\/\/archive.sana.sy\/tr\/?p=310730","title":{"rendered":"\u0130srail\u2019in L\u00fcbnan\u2019\u0131n Baalbek-Hermel Ve Bekaa\u2019ya D\u00fczenledi\u011fi Hava Sald\u0131rganl\u0131klar\u0131 Sonucu 60 \u015eehit, Onlarca Yaral\u0131"},"content":{"rendered":"<p style=\"text-align: justify;\">BEYRUT (SANA) \u2013 L\u00fcbnan Sa\u011fl\u0131k Bakanl\u0131\u011f\u0131, \u0130srail i\u015fgal g\u00fc\u00e7lerinin L\u00fcbnan\u2019\u0131n Baalbek-Hermel ve Bekaa kentlerindeki kasabalar\u0131na d\u00fczenledi\u011fi vah\u015fi hava sald\u0131rganl\u0131klar\u0131nda 60 ki\u015finin \u015fehit d\u00fc\u015ft\u00fc\u011f\u00fcn\u00fc duyurdu.<\/p>\n<p style=\"text-align: justify;\">L\u00fcbnan Ulusal Haber Ajans\u0131, Halk Sa\u011fl\u0131\u011f\u0131 Bakanl\u0131\u011f\u0131 Sa\u011fl\u0131k Acil Durum Operasyon Merkezi&#8217;nin \u015fu a\u00e7\u0131klamas\u0131n\u0131 aktard\u0131: &#8221;Baalbek-Hermel Valili\u011fine ba\u011fl\u0131 El Allak kasabas\u0131na y\u00f6nelik d\u00fc\u015fman sald\u0131r\u0131lar\u0131 sonucu 16 \u015fehit d\u00fc\u015ft\u00fc. Bunun yan\u0131nda da Bekaa&#8217;daki Tamnin&#8217;de bir \u015fehit, Baalbek&#8217;teki Gouraud K\u0131\u015flas\u0131 yak\u0131n\u0131nda alt\u0131 \u015fehit, Baalbek&#8217;in Hadath kasabas\u0131nda iki, ElHafir&#8217;de da on \u015fehit d\u00fc\u015ft\u00fc. Budai&#8217;de 6, Ram&#8217;da 9, \u015eamstar&#8217;da 2, Yunin&#8217;de 2, Brital&#8217;de 1, Taria&#8217;da 3, El-Halaniya&#8217;da ise 2 ki\u015fi de \u015fehit d\u00fc\u015ft\u00fc.&#8221;<\/p>\n<p style=\"text-align: justify;\">Merkez,ay\u0131ca \u201c\u0130srail\u2019in d\u00fc\u015fman hava bombard\u0131man\u0131nda 58 ki\u015fi de yaraland\u0131, enkaz kald\u0131rma \u00e7al\u0131\u015fmalar\u0131 ise devam ediyor\u201d ifadelerini a\u00e7\u0131klamas\u0131na ekledi.<\/p>\n<p style=\"text-align: center;\"><strong><a href=\"https:\/\/t.me\/SuriyeArapHaberAjansI\">Telegram Kanal\u0131m\u0131z\u00a0<\/a>||<a href=\"https:\/\/twitter.com\/arap_ajans\">X Platformumuz\u00a0<\/a>||<a href=\"https:\/\/www.facebook.com\/SANAHaberAjansi\/\">Facebook Sayfam\u0131z<\/a><\/strong><\/p>\n","protected":false},"excerpt":{"rendered":"<p>BEYRUT (SANA) \u2013 L\u00fcbnan Sa\u011fl\u0131k Bakanl\u0131\u011f\u0131, \u0130srail i\u015fgal g\u00fc\u00e7lerinin L\u00fcbnan\u2019\u0131n Baalbek-Hermel ve Bekaa kentlerindeki kasabalar\u0131na d\u00fczenledi\u011fi vah\u015fi hava sald\u0131rganl\u0131klar\u0131nda 60 ki\u015finin \u015fehit d\u00fc\u015ft\u00fc\u011f\u00fcn\u00fc duyurdu. L\u00fcbnan Ulusal Haber Ajans\u0131, Halk Sa\u011fl\u0131\u011f\u0131 Bakanl\u0131\u011f\u0131 Sa\u011fl\u0131k Acil Durum Operasyon Merkezi&#8217;nin \u015fu a\u00e7\u0131klamas\u0131n\u0131 aktard\u0131: &#8221;Baalbek-Hermel Valili\u011fine ba\u011fl\u0131 El Allak kasabas\u0131na y\u00f6nelik d\u00fc\u015fman sald\u0131r\u0131lar\u0131 sonucu 16 \u015fehit d\u00fc\u015ft\u00fc. Bunun yan\u0131nda da &hellip;<\/p>\n","protected":false},"author":39,"featured_media":310731,"comment_status":"closed","ping_status":"closed","sticky":false,"template":"","format":"standard","meta":{"footnotes":""},"categories":[458,589,459,17988],"tags":[],"class_list":["post-310730","post","type-post","status-publish","format-standard","has-post-thumbnail","","category-dunya1","category-haber-seridi","category-haberler-arap-uluslararasi-politika","category-son-haberler"],"_links":{"self":[{"href":"https:\/\/archive.sana.sy\/tr\/index.php?rest_route=\/wp\/v2\/posts\/310730","targetHints":{"allow":["GET"]}}],"collection":[{"href":"https:\/\/archive.sana.sy\/tr\/index.php?rest_route=\/wp\/v2\/posts"}],"about":[{"href":"https:\/\/archive.sana.sy\/tr\/index.php?rest_route=\/wp\/v2\/types\/post"}],"author":[{"embeddable":true,"href":"https:\/\/archive.sana.sy\/tr\/index.php?rest_route=\/wp\/v2\/users\/39"}],"replies":[{"embeddable":true,"href":"https:\/\/archive.sana.sy\/tr\/index.php?rest_route=%2Fwp%2Fv2%2Fcomments&post=310730"}],"version-history":[{"count":6,"href":"https:\/\/archive.sana.sy\/tr\/index.php?rest_route=\/wp\/v2\/posts\/310730\/revisions"}],"predecessor-version":[{"id":310762,"href":"https:\/\/archive.sana.sy\/tr\/index.php?rest_route=\/wp\/v2\/posts\/310730\/revisions\/310762"}],"wp:featuredmedia":[{"embeddable":true,"href":"https:\/\/archive.sana.sy\/tr\/index.php?rest_route=\/wp\/v2\/media\/310731"}],"wp:attachment":[{"href":"https:\/\/archive.sana.sy\/tr\/index.php?rest_route=%2Fwp%2Fv2%2Fmedia&parent=310730"}],"wp:term":[{"taxonomy":"category","embeddable":true,"href":"https:\/\/archive.sana.sy\/tr\/index.php?rest_route=%2Fwp%2Fv2%2Fcategories&post=310730"},{"taxonomy":"post_tag","embeddable":true,"href":"https:\/\/archive.sana.sy\/tr\/index.php?rest_route=%2Fwp%2Fv2%2Ftags&post=310730"}],"curies":[{"name":"wp","href":"https:\/\/api.w.org\/{rel}","templated":true}]}}