{"id":310737,"date":"2024-10-29T14:42:38","date_gmt":"2024-10-29T11:42:38","guid":{"rendered":"https:\/\/sana.sy\/tr\/?p=310737"},"modified":"2024-10-30T12:02:56","modified_gmt":"2024-10-30T09:02:56","slug":"bakan-sabbag-belaruslu-mevkidasi-ile-minskte-bir-araya-gelerek-ikili-iliskileri-ve-isbirligini-artirmanin-yollarini-gorustu","status":"publish","type":"post","link":"https:\/\/archive.sana.sy\/tr\/?p=310737","title":{"rendered":"Bakan Sabba\u011f, Belaruslu Mevkida\u015f\u0131 \u0130le Minsk&#8217;te Bir Araya Gelerek \u0130kili \u0130li\u015fkileri Ve \u0130\u015fbirli\u011fini Art\u0131rman\u0131n Yollar\u0131n\u0131 G\u00f6r\u00fc\u015ft\u00fc"},"content":{"rendered":"<p style=\"text-align: justify;\"><strong>M\u0130NSK (SANA) &#8211;<\/strong> Minsk&#8217;te d\u00fczenlenen \u0130kinci Uluslararas\u0131 Avrasya G\u00fcvenli\u011fi Konferans\u0131na kat\u0131l\u0131m\u0131 marj\u0131nda, bug\u00fcn, D\u0131\u015fi\u015fleri ve Gurbe\u00e7iler Bakan\u0131 Bessam Sabba\u011f, Belarus D\u0131\u015fi\u015fleri Bakan\u0131 Maxim Rezhenkov ile ikili bir g\u00f6r\u00fc\u015fme oturumu d\u00fczenledi.<img loading=\"lazy\" decoding=\"async\" class=\"size-full wp-image-310740 alignright\" src=\"http:\/\/sana.sy\/tr\/wp-content\/uploads\/2024\/10\/3-35-300x200-1.jpg\" alt=\"\" width=\"300\" height=\"200\" \/><\/p>\n<p style=\"text-align: justify;\">G\u00f6r\u00fc\u015fmede iki bakan, ikili ili\u015fkilerin \u00e7e\u015fitli y\u00f6nlerini ve bunlar\u0131 geli\u015ftirme ve g\u00fc\u00e7lendirmenin yollar\u0131n\u0131 ele ald\u0131.<\/p>\n<p style=\"text-align: justify;\">\u0130kili g\u00f6r\u00fc\u015fmelerin ard\u0131ndan iki D\u0131\u015fi\u015fleri Bakan\u0131 bas\u0131n a\u00e7\u0131klamas\u0131 yapt\u0131. Bakan Sabba\u011f yapt\u0131\u011f\u0131 a\u00e7\u0131klamada, Minsk&#8217;i ziyaret davetinden dolay\u0131 te\u015fekk\u00fcr ederek, Belaruslu mevkida\u015f\u0131 ile bir\u00e7ok konuda verimli ve yap\u0131c\u0131 bir g\u00f6r\u00fc\u015f al\u0131\u015fveri\u015fi yapt\u0131\u011f\u0131n\u0131 ve Suriye ve Belarus aras\u0131ndaki iki tarafl\u0131 i\u015fbirli\u011finin \u00e7e\u015fitli y\u00f6nlerini g\u00f6zden ge\u00e7irdi\u011fini a\u00e7\u0131klad\u0131.<\/p>\n<p style=\"text-align: justify;\">D\u0131\u015fi\u015fleri ve Gurbet\u00e7iler Bakan\u0131, uluslararas\u0131 forumlarda kar\u015f\u0131l\u0131kl\u0131 destek de dahil olmak \u00fczere siyasi konularda koordinasyonun g\u00fc\u00e7lendirilmesinin masaya yat\u0131r\u0131ld\u0131\u011f\u0131n\u0131 belirtti&#8230; Bu kapsamda, her iki \u00fclkenin d\u0131\u015fi\u015fleri bakanl\u0131klar\u0131 aras\u0131nda siyasi isti\u015farelerin yan\u0131 s\u0131ra ekonomik, k\u00fclt\u00fcrel ve insani alanlarda i\u015fbirli\u011finin art\u0131r\u0131lmas\u0131na ili\u015fkin bir mutabakat zapt\u0131 imzaland\u0131.<\/p>\n<p style=\"text-align: justify;\">Her iki b\u00f6lgede devam eden siyasi geli\u015fmelerin g\u00f6zden ge\u00e7irilmesi ba\u011flam\u0131nda Bakan Sabba\u011f, kar\u015f\u0131la\u015ft\u0131klar\u0131 sorunlar\u0131n esas olarak Bat\u0131&#8217;n\u0131n hegemonik projelerini kendilerine empoze etme giri\u015fimlerini temsil eden ortak zorluklar oldu\u011fu g\u00f6z \u00f6n\u00fcne al\u0131nd\u0131\u011f\u0131nda, bunlarla stratejik bir \u00e7er\u00e7eve i\u00e7erisinde ilgilenilmesi gerekti\u011fini vurgulad\u0131.<\/p>\n<p style=\"text-align: justify;\"><img loading=\"lazy\" decoding=\"async\" class=\"size-full wp-image-310742 alignright\" src=\"http:\/\/sana.sy\/tr\/wp-content\/uploads\/2024\/10\/photo_2024-10-29_12-38-50-300x207-1.jpg\" alt=\"\" width=\"300\" height=\"207\" srcset=\"https:\/\/archive.sana.sy\/tr\/wp-content\/uploads\/2024\/10\/photo_2024-10-29_12-38-50-300x207-1.jpg 300w, https:\/\/archive.sana.sy\/tr\/wp-content\/uploads\/2024\/10\/photo_2024-10-29_12-38-50-300x207-1-110x75.jpg 110w\" sizes=\"auto, (max-width: 300px) 100vw, 300px\" \/>Belarus D\u0131\u015fi\u015fleri Bakan\u0131&#8217;na, \u0130srail&#8217;in Suriye topraklar\u0131na y\u00f6nelik art arda d\u00fczenledi\u011fi sald\u0131rganl\u0131klar\u0131n yans\u0131malar\u0131 ile Filistinliler ve L\u00fcbnanl\u0131lara y\u00f6nelik devam eden \u0130srail sald\u0131rganl\u0131\u011f\u0131 hakk\u0131nda bilgi verdi\u011fini belirten Sabba\u011f, Suriye&#8217;nin bu sald\u0131r\u0131y\u0131 derhal durdurmas\u0131, i\u015fgal alt\u0131ndaki Suriye Golan&#8217;\u0131 da dahil olmak \u00fczere i\u015fgal alt\u0131ndaki Arap topraklar\u0131nda devam eden \u0130srail i\u015fgaline son vermesi ve \u0130srail i\u015fgal g\u00fc\u00e7leri taraf\u0131ndan i\u015flenen sava\u015f su\u00e7lar\u0131 ve soyk\u0131r\u0131m\u0131 k\u0131namas\u0131 gerekti\u011fi konusundaki kesin tutumunu vurgulad\u0131.<\/p>\n<p style=\"text-align: justify;\">D\u0131\u015fi\u015fleri ve Gurbet\u00e7iler Bakan\u0131 ayr\u0131ca, Suriye&#8217;nin Rusya&#8217;n\u0131n Ukrayna&#8217;daki \u00f6zel askeri operasyonuna verdi\u011fi deste\u011fi de yenileyerek, \u00e7ok tarafl\u0131 eylem ve yap\u0131c\u0131 ve adil giri\u015fimler yoluyla Avrasya&#8217;da g\u00fcvenlik ve bar\u0131\u015f\u0131 sa\u011flamak isteyen \u00fclkelerin rol\u00fcn\u00fc vurgulad\u0131.<\/p>\n<p style=\"text-align: justify;\">D\u0131\u015fi\u015fleri ve gurbet\u00e7iler Bakan\u0131 , iki \u00fclkenin i\u00e7 i\u015flerine m\u00fcdahalenin reddedilmesi ve tek tarafl\u0131 yasa d\u0131\u015f\u0131 zorlay\u0131c\u0131 tedbirler de dahil olmak \u00fczere kolektif Bat\u0131&#8217;n\u0131n kendilerine y\u00f6nelik y\u0131k\u0131c\u0131 uygulamalar\u0131n\u0131n a\u00e7\u0131\u011fa \u00e7\u0131kar\u0131lmas\u0131 konusunda her iki taraf\u0131n g\u00f6r\u00fc\u015flerinde mutabakata vard\u0131klar\u0131n\u0131 ifade etti.<\/p>\n<p style=\"text-align: justify;\">Bu ba\u011flamda iki taraf, bu yasad\u0131\u015f\u0131 ve insanl\u0131k d\u0131\u015f\u0131 tedbirlere kar\u015f\u0131 koymak i\u00e7in i\u015fbirli\u011fi ve koordinasyonun yol ve ara\u00e7lar\u0131n\u0131 masya yat\u0131rad\u0131 ve tek tarafl\u0131 zorlay\u0131c\u0131 yapt\u0131r\u0131mlar\u0131n olumsuz etkileriyle m\u00fccadele etme ve bunlar\u0131 hafifletme yollar\u0131 hakk\u0131nda ortak bir bildiri yay\u0131nlanmas\u0131 konusunda mutabakata vard\u0131lar.<\/p>\n<p style=\"text-align: justify;\">Belaruslu Bakan ise, \u00fclkesinin Suriye&#8217;nin \u015eangay \u00d6rg\u00fct\u00fc&#8217;ne kat\u0131lma \u00e7abalar\u0131na verdi\u011fi deste\u011fi vurgulayarak, her iki \u00fclkedeki h\u00fck\u00fcmet kurumlar\u0131 aras\u0131ndaki ikili ili\u015fkileri d\u00fczenleme konusundaki isteklili\u011fini ve uluslararas\u0131 sahnedeki i\u015fbirli\u011fi seviyesinden duydu\u011fu memnuniyeti dile getirdi.<\/p>\n<p style=\"text-align: justify;\">Bakan Rezhenkov, iki \u00fclke aras\u0131ndaki dostane ili\u015fkilerin ve i\u015fbirli\u011finin g\u00fc\u00e7lendirilmesinin, iki dost \u00fclkenin halklar\u0131na dayat\u0131lan tek tarafl\u0131 tedbirlerin olumsuz etkileriyle m\u00fccadeleye yard\u0131mc\u0131 olaca\u011f\u0131n\u0131 vurgulad\u0131.<\/p>\n<p style=\"text-align: center;\"><strong><a href=\"https:\/\/t.me\/SuriyeArapHaberAjansI\">Telegram Kanal\u0131m\u0131z\u00a0<\/a>||<a href=\"https:\/\/twitter.com\/arap_ajans\">X Platformumuz\u00a0<\/a>||<a href=\"https:\/\/www.facebook.com\/SANAHaberAjansi\/\">Facebook Sayfam\u0131z<\/a><\/strong><\/p>\n","protected":false},"excerpt":{"rendered":"<p>M\u0130NSK (SANA) &#8211; Minsk&#8217;te d\u00fczenlenen \u0130kinci Uluslararas\u0131 Avrasya G\u00fcvenli\u011fi Konferans\u0131na kat\u0131l\u0131m\u0131 marj\u0131nda, bug\u00fcn, D\u0131\u015fi\u015fleri ve Gurbe\u00e7iler Bakan\u0131 Bessam Sabba\u011f, Belarus D\u0131\u015fi\u015fleri Bakan\u0131 Maxim Rezhenkov ile ikili bir g\u00f6r\u00fc\u015fme oturumu d\u00fczenledi. G\u00f6r\u00fc\u015fmede iki bakan, ikili ili\u015fkilerin \u00e7e\u015fitli y\u00f6nlerini ve bunlar\u0131 geli\u015ftirme ve g\u00fc\u00e7lendirmenin yollar\u0131n\u0131 ele ald\u0131. \u0130kili g\u00f6r\u00fc\u015fmelerin ard\u0131ndan iki D\u0131\u015fi\u015fleri Bakan\u0131 bas\u0131n a\u00e7\u0131klamas\u0131 yapt\u0131. Bakan &hellip;<\/p>\n","protected":false},"author":41,"featured_media":310739,"comment_status":"closed","ping_status":"closed","sticky":false,"template":"","format":"standard","meta":{"footnotes":""},"categories":[458,459,17988],"tags":[42486,42773,38641],"class_list":["post-310737","post","type-post","status-publish","format-standard","has-post-thumbnail","","category-dunya1","category-haberler-arap-uluslararasi-politika","category-son-haberler","tag-bakan-sabbag","tag-belaruslu-mevkidasi-ile-minskte-bir-araya-gelerek-ikili-iliskileri-ve-isbirligini-artirmanin-yollarini-gorustu","tag-suriyede-son-gelimeler"],"_links":{"self":[{"href":"https:\/\/archive.sana.sy\/tr\/index.php?rest_route=\/wp\/v2\/posts\/310737","targetHints":{"allow":["GET"]}}],"collection":[{"href":"https:\/\/archive.sana.sy\/tr\/index.php?rest_route=\/wp\/v2\/posts"}],"about":[{"href":"https:\/\/archive.sana.sy\/tr\/index.php?rest_route=\/wp\/v2\/types\/post"}],"author":[{"embeddable":true,"href":"https:\/\/archive.sana.sy\/tr\/index.php?rest_route=\/wp\/v2\/users\/41"}],"replies":[{"embeddable":true,"href":"https:\/\/archive.sana.sy\/tr\/index.php?rest_route=%2Fwp%2Fv2%2Fcomments&post=310737"}],"version-history":[{"count":6,"href":"https:\/\/archive.sana.sy\/tr\/index.php?rest_route=\/wp\/v2\/posts\/310737\/revisions"}],"predecessor-version":[{"id":310747,"href":"https:\/\/archive.sana.sy\/tr\/index.php?rest_route=\/wp\/v2\/posts\/310737\/revisions\/310747"}],"wp:featuredmedia":[{"embeddable":true,"href":"https:\/\/archive.sana.sy\/tr\/index.php?rest_route=\/wp\/v2\/media\/310739"}],"wp:attachment":[{"href":"https:\/\/archive.sana.sy\/tr\/index.php?rest_route=%2Fwp%2Fv2%2Fmedia&parent=310737"}],"wp:term":[{"taxonomy":"category","embeddable":true,"href":"https:\/\/archive.sana.sy\/tr\/index.php?rest_route=%2Fwp%2Fv2%2Fcategories&post=310737"},{"taxonomy":"post_tag","embeddable":true,"href":"https:\/\/archive.sana.sy\/tr\/index.php?rest_route=%2Fwp%2Fv2%2Ftags&post=310737"}],"curies":[{"name":"wp","href":"https:\/\/api.w.org\/{rel}","templated":true}]}}