{"id":310748,"date":"2024-10-29T16:33:44","date_gmt":"2024-10-29T13:33:44","guid":{"rendered":"https:\/\/sana.sy\/tr\/?p=310748"},"modified":"2024-10-29T16:33:44","modified_gmt":"2024-10-29T13:33:44","slug":"arap-devletleri-birligi-israilin-unrwanin-isgal-edilen-filistin-topraklarindaki-calismalarina-uyguladigi-yasagi-kinadi","status":"publish","type":"post","link":"https:\/\/archive.sana.sy\/tr\/?p=310748","title":{"rendered":"Arap Devletleri Birli\u011fi, \u0130srail&#8217;in UNRWA&#8217;n\u0131n \u0130\u015fgal Edilen Filistin Topraklar\u0131ndaki \u00c7al\u0131\u015fmalar\u0131na Uygulad\u0131\u011f\u0131 Yasa\u011f\u0131 K\u0131nad\u0131"},"content":{"rendered":"<p style=\"text-align: justify;\"><strong>KAH\u0130RE (SANA) &#8211;<\/strong>\u00a0 Arap Birli\u011fi, \u0130srail i\u015fgalinin, Birle\u015fmi\u015f Milletler Filistinli M\u00fcltecilere Yard\u0131m ve Bay\u0131nd\u0131rl\u0131k Ajans\u0131&#8217;n\u0131n (UNRWA) i\u015fgal alt\u0131ndaki Filistin topraklar\u0131ndaki \u00e7al\u0131\u015fmalar\u0131na y\u00f6nelik yasa\u011f\u0131n\u0131 en g\u00fc\u00e7l\u00fc ifadelerle k\u0131nad\u0131.<\/p>\n<p style=\"text-align: justify;\">Arap Birli\u011fi Genel Sekreteri Ahmed Ebu El Gayit&#8217;in resmi s\u00f6zc\u00fcs\u00fc Cemal R\u00fc\u015fdi \u015funlar\u0131 s\u00f6yledi: \u201cKarar milyonlarca Filistinlinin gelece\u011fine el koymakla e\u015fde\u011fer ve \u00a0\u201c\u0130srail\u201din y\u0131llard\u0131r te\u015fkilat\u0131n rol\u00fcn\u00fc ortadan kald\u0131rmak, uluslararas\u0131 itibar\u0131n\u0131 yok etmek ve fon kaynaklar\u0131n\u0131 kurutmak i\u00e7in giri\u015fti\u011fi plan\u0131n son b\u00f6l\u00fcm\u00fcn\u00fc temsil ediyor.\u2019\u2019<\/p>\n<p style=\"text-align: justify;\">Ebu El Gayit&#8217;in resmi s\u00f6zc\u00fcs\u00fc ayr\u0131ca, \u2018\u2019Karar uluslararas\u0131 d\u00fczeyde tehlikeli bir emsal te\u015fkil ediyor. \u00c7\u00fcnk\u00fc UNRWA&#8217;y\u0131, UNRWA&#8217;n\u0131n \u00e7al\u0131\u015fmalar\u0131n\u0131 yasaklamak i\u00e7in kuran \u0130srail kurulu\u015fu de\u011fil, genel bir BM karar\u0131yla kurulmu\u015f olmas\u0131 ve dolay\u0131s\u0131yla bunun s\u00fcrd\u00fcr\u00fclmesinin sorumlulu\u011funun Birle\u015fmi\u015f Milletler Genel Kurulu&#8217;na ait olmas\u0131d\u0131r.\u2019\u2019<\/p>\n<p style=\"text-align: center;\"><strong><a href=\"https:\/\/t.me\/SuriyeArapHaberAjansI\">Telegram Kanal\u0131m\u0131z\u00a0<\/a>||<a href=\"https:\/\/twitter.com\/arap_ajans\">X Platformumuz\u00a0<\/a>||<a href=\"https:\/\/www.facebook.com\/SANAHaberAjansi\/\">Facebook Sayfam\u0131z<\/a><\/strong><\/p>\n","protected":false},"excerpt":{"rendered":"<p>KAH\u0130RE (SANA) &#8211;\u00a0 Arap Birli\u011fi, \u0130srail i\u015fgalinin, Birle\u015fmi\u015f Milletler Filistinli M\u00fcltecilere Yard\u0131m ve Bay\u0131nd\u0131rl\u0131k Ajans\u0131&#8217;n\u0131n (UNRWA) i\u015fgal alt\u0131ndaki Filistin topraklar\u0131ndaki \u00e7al\u0131\u015fmalar\u0131na y\u00f6nelik yasa\u011f\u0131n\u0131 en g\u00fc\u00e7l\u00fc ifadelerle k\u0131nad\u0131. Arap Birli\u011fi Genel Sekreteri Ahmed Ebu El Gayit&#8217;in resmi s\u00f6zc\u00fcs\u00fc Cemal R\u00fc\u015fdi \u015funlar\u0131 s\u00f6yledi: \u201cKarar milyonlarca Filistinlinin gelece\u011fine el koymakla e\u015fde\u011fer ve \u00a0\u201c\u0130srail\u201din y\u0131llard\u0131r te\u015fkilat\u0131n rol\u00fcn\u00fc ortadan kald\u0131rmak, &hellip;<\/p>\n","protected":false},"author":41,"featured_media":310749,"comment_status":"closed","ping_status":"closed","sticky":false,"template":"","format":"standard","meta":{"footnotes":""},"categories":[458,589,459,17988],"tags":[42774,42775],"class_list":["post-310748","post","type-post","status-publish","format-standard","has-post-thumbnail","","category-dunya1","category-haber-seridi","category-haberler-arap-uluslararasi-politika","category-son-haberler","tag-arap-devletleri-birligi","tag-israilin-unrwanin-isgal-edilen-filistin-topraklarindaki-calismalarina-uyguladigi-yasagi-kinadi"],"_links":{"self":[{"href":"https:\/\/archive.sana.sy\/tr\/index.php?rest_route=\/wp\/v2\/posts\/310748","targetHints":{"allow":["GET"]}}],"collection":[{"href":"https:\/\/archive.sana.sy\/tr\/index.php?rest_route=\/wp\/v2\/posts"}],"about":[{"href":"https:\/\/archive.sana.sy\/tr\/index.php?rest_route=\/wp\/v2\/types\/post"}],"author":[{"embeddable":true,"href":"https:\/\/archive.sana.sy\/tr\/index.php?rest_route=\/wp\/v2\/users\/41"}],"replies":[{"embeddable":true,"href":"https:\/\/archive.sana.sy\/tr\/index.php?rest_route=%2Fwp%2Fv2%2Fcomments&post=310748"}],"version-history":[{"count":1,"href":"https:\/\/archive.sana.sy\/tr\/index.php?rest_route=\/wp\/v2\/posts\/310748\/revisions"}],"predecessor-version":[{"id":310750,"href":"https:\/\/archive.sana.sy\/tr\/index.php?rest_route=\/wp\/v2\/posts\/310748\/revisions\/310750"}],"wp:featuredmedia":[{"embeddable":true,"href":"https:\/\/archive.sana.sy\/tr\/index.php?rest_route=\/wp\/v2\/media\/310749"}],"wp:attachment":[{"href":"https:\/\/archive.sana.sy\/tr\/index.php?rest_route=%2Fwp%2Fv2%2Fmedia&parent=310748"}],"wp:term":[{"taxonomy":"category","embeddable":true,"href":"https:\/\/archive.sana.sy\/tr\/index.php?rest_route=%2Fwp%2Fv2%2Fcategories&post=310748"},{"taxonomy":"post_tag","embeddable":true,"href":"https:\/\/archive.sana.sy\/tr\/index.php?rest_route=%2Fwp%2Fv2%2Ftags&post=310748"}],"curies":[{"name":"wp","href":"https:\/\/api.w.org\/{rel}","templated":true}]}}