{"id":310751,"date":"2024-10-29T14:03:42","date_gmt":"2024-10-29T11:03:42","guid":{"rendered":"https:\/\/sana.sy\/tr\/?p=310751"},"modified":"2024-10-29T17:13:46","modified_gmt":"2024-10-29T14:13:46","slug":"hizbullah-seyh-naim-kasimin-hizbullahin-genel-sekreteri-olarak-secildigini-duyurdu","status":"publish","type":"post","link":"https:\/\/archive.sana.sy\/tr\/?p=310751","title":{"rendered":"Hizbullah, \u015eeyh Naim Kas\u0131m&#8217;\u0131n Hizbullah\u2019\u0131n Genel Sekreteri Olarak Se\u00e7ildi\u011fini Duyurdu"},"content":{"rendered":"<p style=\"text-align: justify;\"><strong>BEYRUT (SANA) &#8211;<\/strong>\u00a0 Hizbullah bug\u00fcn, \u015eeyh Naim Kas\u0131m&#8217;\u0131n Hizbullah\u2019\u0131n genel sekreteri olarak se\u00e7ildi\u011fini duyurdu.<\/p>\n<p style=\"text-align: justify;\">Hizbullah yapt\u0131\u011f\u0131 a\u00e7\u0131klamada \u015funlar\u0131 s\u00f6yledi: \u201cHizbullah&#8217;\u0131n ilkelerine ve hedeflerine ba\u011fl\u0131 olarak ve Genel Sekreteri se\u00e7mek i\u00e7in onaylanan mekanizmaya uygun olarak, Hizbullah \u015eura Konseyi, bu y\u00fcr\u00fcy\u00fc\u015fte kutlu sanca\u011f\u0131 ta\u015f\u0131yan \u015eeyh Naim Kas\u0131m&#8217;\u0131 Hizbullah\u2019\u0131n \u00a0Genel Sekreteri olarak se\u00e7meyi kabul etti.\u2019\u2019<\/p>\n<p style=\"text-align: justify;\">A\u00e7\u0131klama \u015f\u00f6yle devam etti: \u201cEn y\u00fcce ve en k\u0131ymetli \u015fehidimiz Seyyid Hasan Nasrullah&#8217;\u0131n ruhuna, L\u00fcbnan direni\u015finin \u015fehitlerine ve sava\u015f\u00e7\u0131lar\u0131na ve kararl\u0131 halk\u0131m\u0131za, Hizbullah&#8217;\u0131n ilkelerine ve yolundaki hedeflere ula\u015fmak i\u00e7in birlikte \u00e7al\u0131\u015fmaya, zafere ula\u015fana kadar direni\u015fin ate\u015fini parlak tutaca\u011f\u0131m\u0131za ve bayra\u011f\u0131n\u0131 dalgaland\u0131raca\u011f\u0131m\u0131za s\u00f6z veriyoruz.\u201d<\/p>\n<p style=\"text-align: center;\"><strong><a href=\"https:\/\/t.me\/SuriyeArapHaberAjansI\">Telegram Kanal\u0131m\u0131z\u00a0<\/a>||<a href=\"https:\/\/twitter.com\/arap_ajans\">X Platformumuz\u00a0<\/a>||<a href=\"https:\/\/www.facebook.com\/SANAHaberAjansi\/\">Facebook Sayfam\u0131z<\/a><\/strong><\/p>\n","protected":false},"excerpt":{"rendered":"<p>BEYRUT (SANA) &#8211;\u00a0 Hizbullah bug\u00fcn, \u015eeyh Naim Kas\u0131m&#8217;\u0131n Hizbullah\u2019\u0131n genel sekreteri olarak se\u00e7ildi\u011fini duyurdu. Hizbullah yapt\u0131\u011f\u0131 a\u00e7\u0131klamada \u015funlar\u0131 s\u00f6yledi: \u201cHizbullah&#8217;\u0131n ilkelerine ve hedeflerine ba\u011fl\u0131 olarak ve Genel Sekreteri se\u00e7mek i\u00e7in onaylanan mekanizmaya uygun olarak, Hizbullah \u015eura Konseyi, bu y\u00fcr\u00fcy\u00fc\u015fte kutlu sanca\u011f\u0131 ta\u015f\u0131yan \u015eeyh Naim Kas\u0131m&#8217;\u0131 Hizbullah\u2019\u0131n \u00a0Genel Sekreteri olarak se\u00e7meyi kabul etti.\u2019\u2019 A\u00e7\u0131klama \u015f\u00f6yle devam &hellip;<\/p>\n","protected":false},"author":41,"featured_media":310752,"comment_status":"closed","ping_status":"closed","sticky":false,"template":"","format":"standard","meta":{"footnotes":""},"categories":[458,589,459,17988],"tags":[19722,42776],"class_list":["post-310751","post","type-post","status-publish","format-standard","has-post-thumbnail","","category-dunya1","category-haber-seridi","category-haberler-arap-uluslararasi-politika","category-son-haberler","tag-hizbullah","tag-seyh-naim-kasimin-hizbullahin-genel-sekreteri-olarak-secildigini-duyurdu"],"_links":{"self":[{"href":"https:\/\/archive.sana.sy\/tr\/index.php?rest_route=\/wp\/v2\/posts\/310751","targetHints":{"allow":["GET"]}}],"collection":[{"href":"https:\/\/archive.sana.sy\/tr\/index.php?rest_route=\/wp\/v2\/posts"}],"about":[{"href":"https:\/\/archive.sana.sy\/tr\/index.php?rest_route=\/wp\/v2\/types\/post"}],"author":[{"embeddable":true,"href":"https:\/\/archive.sana.sy\/tr\/index.php?rest_route=\/wp\/v2\/users\/41"}],"replies":[{"embeddable":true,"href":"https:\/\/archive.sana.sy\/tr\/index.php?rest_route=%2Fwp%2Fv2%2Fcomments&post=310751"}],"version-history":[{"count":1,"href":"https:\/\/archive.sana.sy\/tr\/index.php?rest_route=\/wp\/v2\/posts\/310751\/revisions"}],"predecessor-version":[{"id":310753,"href":"https:\/\/archive.sana.sy\/tr\/index.php?rest_route=\/wp\/v2\/posts\/310751\/revisions\/310753"}],"wp:featuredmedia":[{"embeddable":true,"href":"https:\/\/archive.sana.sy\/tr\/index.php?rest_route=\/wp\/v2\/media\/310752"}],"wp:attachment":[{"href":"https:\/\/archive.sana.sy\/tr\/index.php?rest_route=%2Fwp%2Fv2%2Fmedia&parent=310751"}],"wp:term":[{"taxonomy":"category","embeddable":true,"href":"https:\/\/archive.sana.sy\/tr\/index.php?rest_route=%2Fwp%2Fv2%2Fcategories&post=310751"},{"taxonomy":"post_tag","embeddable":true,"href":"https:\/\/archive.sana.sy\/tr\/index.php?rest_route=%2Fwp%2Fv2%2Ftags&post=310751"}],"curies":[{"name":"wp","href":"https:\/\/api.w.org\/{rel}","templated":true}]}}