{"id":310754,"date":"2024-10-29T12:24:50","date_gmt":"2024-10-29T09:24:50","guid":{"rendered":"https:\/\/sana.sy\/tr\/?p=310754"},"modified":"2024-10-29T19:33:03","modified_gmt":"2024-10-29T16:33:03","slug":"lubnan-direnisi-dusmana-ait-bir-ihayi-imha-etti-mevzilerini-ve-yerlesim-yerlerini-hedef-almaya-devam-ediyor","status":"publish","type":"post","link":"https:\/\/archive.sana.sy\/tr\/?p=310754","title":{"rendered":"L\u00fcbnan Direni\u015fi, D\u00fc\u015fmana Ait Bir \u0130HA\u2019y\u0131 \u0130mha Etti \u2026 Mevzilerini Ve Yerle\u015fim Yerlerini Hedef Almaya Devam Ediyor"},"content":{"rendered":"<p style=\"text-align: justify;\"><strong>BEYRUT (SANA)<\/strong> &#8211;\u00a0 L\u00fcbnan Direni\u015fi bu \u00f6\u011fleden sonra, Mercuyun\u00a0 b\u00f6lgesi \u00fczerindeki d\u00fc\u015fman \u0130srail\u2019I H\u00fcrm\u00fcz 900 \u0130HA\u2019s\u0131n\u0131 vurdu\u011funu ve ayr\u0131ca i\u015fgal alt\u0131ndaki Filistin&#8217;in kuzeyindeki bir\u00e7ok d\u00fc\u015fman toplant\u0131s\u0131n\u0131, b\u00f6lgesini ve yerle\u015fimini hedef ald\u0131\u011f\u0131n\u0131 duyurdu.<\/p>\n<p style=\"text-align: justify;\">Direni\u015f yapt\u0131\u011f\u0131 a\u00e7\u0131klamada \u015funlar\u0131 s\u00f6yledi: &#8220;Gazze \u015eeridi&#8217;ndeki kararl\u0131 Filistin halk\u0131m\u0131za destek, onlar\u0131n cesur ve onurlu direni\u015fine destek olarak ve L\u00fcbnan\u2019\u0131 ile halk\u0131n\u0131 savunma olarak, hava savunma birimleri Mercuyun b\u00f6lgesi \u00fczerindeki H\u00fcrm\u00fcz 900 y\u00fcr\u00fcy\u00fc\u015f\u00fcn\u00fc karadan havaya f\u00fczeyle hedef alarak imha etti.\u2019\u2019<\/p>\n<p style=\"text-align: justify;\">Direni\u015f, di\u011fer a\u00e7\u0131klamas\u0131nda \u015funlar\u0131 s\u00f6yledi: Kafr Giladi k\u0131r\u0131c\u0131s\u0131nda toplanan \u0130srail d\u00fc\u015fman askerlerine ve\u00a0 Manara yerle\u015fim yerindeki ara\u00e7lar\u0131na sald\u0131r\u0131 drone&#8217;lar\u0131yla hava sald\u0131r\u0131lar\u0131 d\u00fczenledi ve hedeflerini isabetli bir \u015fekilde vurdu.<\/p>\n<p style=\"text-align: justify;\">Ayr\u0131ca \u0130srailli d\u00fc\u015fman askerlerinin Cel El Alem \u00a0b\u00f6lgesinde, Ras El Nakura \u00a0deniz sahas\u0131nda ve Maalot-Tarshiha yerle\u015fim yerindeki toplant\u0131lar\u0131n\u0131 f\u00fcze rampalar\u0131yla hedef ald\u0131. Bunun yan\u0131nda da Kfar Varadim, Dalton, Zarit ve Kiryat Shmona yerle\u015fim yerleri de sald\u0131r\u0131 y\u00fcr\u00fcy\u00fc\u015f\u00fc ve f\u00fcze at\u0131\u015flar\u0131yla hedef al\u0131nd\u0131.<\/p>\n<p style=\"text-align: justify;\">G\u00fcney L\u00fcbnan&#8217;da ise direni\u015f, f\u00fcze rampalar\u0131 ve top mermileriyle \u0130srailli d\u00fc\u015fman askerlerinin Wata al-Khiyam b\u00f6lgesindeki ve \u015fehrin g\u00fcneyindeki toplant\u0131lar\u0131n\u0131 hedef ald\u0131\u011f\u0131n\u0131 duyurdu.<\/p>\n<p style=\"text-align: center;\"><strong><a href=\"https:\/\/t.me\/SuriyeArapHaberAjansI\">Telegram Kanal\u0131m\u0131z\u00a0<\/a>||<a href=\"https:\/\/twitter.com\/arap_ajans\">X Platformumuz\u00a0<\/a>||<a href=\"https:\/\/www.facebook.com\/SANAHaberAjansi\/\">Facebook Sayfam\u0131z<\/a><\/strong><\/p>\n","protected":false},"excerpt":{"rendered":"<p>BEYRUT (SANA) &#8211;\u00a0 L\u00fcbnan Direni\u015fi bu \u00f6\u011fleden sonra, Mercuyun\u00a0 b\u00f6lgesi \u00fczerindeki d\u00fc\u015fman \u0130srail\u2019I H\u00fcrm\u00fcz 900 \u0130HA\u2019s\u0131n\u0131 vurdu\u011funu ve ayr\u0131ca i\u015fgal alt\u0131ndaki Filistin&#8217;in kuzeyindeki bir\u00e7ok d\u00fc\u015fman toplant\u0131s\u0131n\u0131, b\u00f6lgesini ve yerle\u015fimini hedef ald\u0131\u011f\u0131n\u0131 duyurdu. Direni\u015f yapt\u0131\u011f\u0131 a\u00e7\u0131klamada \u015funlar\u0131 s\u00f6yledi: &#8220;Gazze \u015eeridi&#8217;ndeki kararl\u0131 Filistin halk\u0131m\u0131za destek, onlar\u0131n cesur ve onurlu direni\u015fine destek olarak ve L\u00fcbnan\u2019\u0131 ile halk\u0131n\u0131 savunma &hellip;<\/p>\n","protected":false},"author":41,"featured_media":310755,"comment_status":"closed","ping_status":"closed","sticky":false,"template":"","format":"standard","meta":{"footnotes":""},"categories":[458,589,459,17988],"tags":[42777,31415],"class_list":["post-310754","post","type-post","status-publish","format-standard","has-post-thumbnail","","category-dunya1","category-haber-seridi","category-haberler-arap-uluslararasi-politika","category-son-haberler","tag-dusmana-ait-bir-ihayi-imha-etti-mevzilerini-ve-yerlesim-yerlerini-hedef-almaya-devam-ediyor","tag-lubnan-direnisi"],"_links":{"self":[{"href":"https:\/\/archive.sana.sy\/tr\/index.php?rest_route=\/wp\/v2\/posts\/310754","targetHints":{"allow":["GET"]}}],"collection":[{"href":"https:\/\/archive.sana.sy\/tr\/index.php?rest_route=\/wp\/v2\/posts"}],"about":[{"href":"https:\/\/archive.sana.sy\/tr\/index.php?rest_route=\/wp\/v2\/types\/post"}],"author":[{"embeddable":true,"href":"https:\/\/archive.sana.sy\/tr\/index.php?rest_route=\/wp\/v2\/users\/41"}],"replies":[{"embeddable":true,"href":"https:\/\/archive.sana.sy\/tr\/index.php?rest_route=%2Fwp%2Fv2%2Fcomments&post=310754"}],"version-history":[{"count":1,"href":"https:\/\/archive.sana.sy\/tr\/index.php?rest_route=\/wp\/v2\/posts\/310754\/revisions"}],"predecessor-version":[{"id":310756,"href":"https:\/\/archive.sana.sy\/tr\/index.php?rest_route=\/wp\/v2\/posts\/310754\/revisions\/310756"}],"wp:featuredmedia":[{"embeddable":true,"href":"https:\/\/archive.sana.sy\/tr\/index.php?rest_route=\/wp\/v2\/media\/310755"}],"wp:attachment":[{"href":"https:\/\/archive.sana.sy\/tr\/index.php?rest_route=%2Fwp%2Fv2%2Fmedia&parent=310754"}],"wp:term":[{"taxonomy":"category","embeddable":true,"href":"https:\/\/archive.sana.sy\/tr\/index.php?rest_route=%2Fwp%2Fv2%2Fcategories&post=310754"},{"taxonomy":"post_tag","embeddable":true,"href":"https:\/\/archive.sana.sy\/tr\/index.php?rest_route=%2Fwp%2Fv2%2Ftags&post=310754"}],"curies":[{"name":"wp","href":"https:\/\/api.w.org\/{rel}","templated":true}]}}